{"id":854,"date":"2016-02-29T16:35:54","date_gmt":"2016-02-29T15:35:54","guid":{"rendered":"http:\/\/zeitung.480grad-lwrs.de\/?p=854"},"modified":"2016-02-29T16:35:54","modified_gmt":"2016-02-29T15:35:54","slug":"die-bestimmung","status":"publish","type":"post","link":"http:\/\/zeitung.480grad-lwrs.de\/?p=854","title":{"rendered":"Die Bestimmung"},"content":{"rendered":"<h3 style=\"text-align: justify;\">Wie sieht die Welt von morgen aus? Welche Art von Leben werden wir f\u00fchren?\u00a0 Ist es vorbestimmt, welche Freunde und welche Familie wir erhalten?\u00a0 Wird die Welt wirklich geteilt sein und auf welcher Seite stehst DU dann wohl in dieser Zukunftsvision?<br \/>\nLies hier Weiteres \u00fcber einen actiongeladenen ersten Teil der Trilogie der Autorin Veronica Roth, deren B\u00fccher der Reihe nach verfilmt werden. Im M\u00e4rz kommt der n\u00e4chste Teil ins Kino!<\/h3>\n<p><!--more--><\/p>\n<h3 style=\"text-align: justify;\">Inhalt<\/h3>\n<p style=\"text-align: justify;\">In dem Film \u201eDie Bestimmung\u201c geht es um eine Stadt, die nach einem Krieg in 5 Fraktionen aufgeteilt wurde. Bei einer Zeremonie der verschiedenen Fraktionen muss sich jeder 16-J\u00e4hrige entscheiden, auch Beatrice Prior (Tris), zu welcher er geh\u00f6ren m\u00f6chte. Es gibt die Altruan (sie bilden die politische F\u00fchrung), die Candor (sie sagen immer die Wahrheit), die Ken (das sind die Gelehrten), die Amite (die Friedfertigen), und die Ferox (die Furchtlosen). Ein Test hilft dabei herauszufinden, zu welcher Fraktion man k\u00fcnftig geh\u00f6rt.<\/p>\n<p style=\"text-align: justify;\">Doch bei Tris hat dieser Test nicht geklappt, sie ist eine Unbestimmte. Unbestimmte werden verfolgt, da sie angeblich gef\u00e4hrlich sind und den Weltfrieden gef\u00e4hrden, deshalb muss Tris ihren Status verheimlichen und sich ohne Hilfstest entscheiden.<\/p>\n<p style=\"text-align: justify;\">Sie entscheidet sich f\u00fcr die Ferox, dies sind die Besch\u00fctzer der Stadt, dort lernt sie ihren Trainer Four kennen. W\u00e4hrend den Trainings kommen die beiden sich immer n\u00e4her, doch am Ende kommt es dann zu einem gro\u00dfen Streit zwischen den Fraktionen, auch die Beziehung zwischen Tris und Four wird dadurch gef\u00e4hrdet&#8230;<\/p>\n<h3 style=\"text-align: justify;\">Meine Lieblingscharaktere<\/h3>\n<p style=\"text-align: justify;\">Am liebsten mag ich die Hauptpersonen Tris und Four, weil Tris sehr mutig und abenteuerlustig ist. Four hat vor manchen Dingen Angst, \u00fcberwindet diese \u00c4ngste aber dann zusammen mit Tris.<\/p>\n<h3 style=\"text-align: justify;\">DVD<\/h3>\n<p style=\"text-align: justify;\">Der Film ist f\u00fcr 6,99\u20ac als DVD zum Beispiel bei Amazon erh\u00e4ltlich. Als Blu Ray kostet er dort 7,99\u20ac.<\/p>\n<h3 style=\"text-align: justify;\">Fortsetzungen<\/h3>\n<p style=\"text-align: justify;\">&#8222;Die Bestimmung&#8220; ist der erste von insgesamt drei Teilen. Im M\u00e4rz 2015 kam &#8222;Die Bestimmung &#8211; T\u00f6dliche Wahrheit&#8220; als zweiter Teil in die Kinos und ist bereits auf DVD erh\u00e4tlich. Den <span style=\"color: #ff0000;\"><strong>dritten Teil &#8222;Die Bestimmung &#8211; Letzte Entscheidung&#8220; k\u00f6nnt ihr ab M\u00e4rz 2016 in den Kinos ansehen<\/strong><\/span>. Wer vorab schon mehr wissen m\u00f6chte, der kann sich den dritten Teil (nat\u00fcrlich auch alle anderen) bereits jetzt als Buch kaufen.<\/p>\n<p style=\"text-align: justify;\">\n<p style=\"text-align: justify;\">Ein Tipp von Sara G\u00f6tzfried<\/p>\n<p>&nbsp;<\/p>\n","protected":false},"excerpt":{"rendered":"<p>Wie sieht die Welt von morgen aus? Welche Art von Leben werden wir f\u00fchren?\u00a0 Ist es vorbestimmt, welche Freunde und welche Familie wir erhalten?\u00a0 Wird die Welt wirklich geteilt sein und auf welcher Seite stehst DU dann wohl in dieser Zukunftsvision? Lies hier Weiteres \u00fcber einen actiongeladenen ersten Teil der Trilogie der Autorin Veronica Roth, [&hellip;]<\/p>\n","protected":false},"author":21,"featured_media":1585,"comment_status":"closed","ping_status":"closed","sticky":false,"template":"","format":"standard","meta":{"footnotes":""},"categories":[20],"tags":[],"class_list":["post-854","post","type-post","status-publish","format-standard","has-post-thumbnail","hentry","category-buch-und-film"],"_links":{"self":[{"href":"http:\/\/zeitung.480grad-lwrs.de\/index.php?rest_route=\/wp\/v2\/posts\/854","targetHints":{"allow":["GET"]}}],"collection":[{"href":"http:\/\/zeitung.480grad-lwrs.de\/index.php?rest_route=\/wp\/v2\/posts"}],"about":[{"href":"http:\/\/zeitung.480grad-lwrs.de\/index.php?rest_route=\/wp\/v2\/types\/post"}],"author":[{"embeddable":true,"href":"http:\/\/zeitung.480grad-lwrs.de\/index.php?rest_route=\/wp\/v2\/users\/21"}],"replies":[{"embeddable":true,"href":"http:\/\/zeitung.480grad-lwrs.de\/index.php?rest_route=%2Fwp%2Fv2%2Fcomments&post=854"}],"version-history":[{"count":0,"href":"http:\/\/zeitung.480grad-lwrs.de\/index.php?rest_route=\/wp\/v2\/posts\/854\/revisions"}],"wp:featuredmedia":[{"embeddable":true,"href":"http:\/\/zeitung.480grad-lwrs.de\/index.php?rest_route=\/wp\/v2\/media\/1585"}],"wp:attachment":[{"href":"http:\/\/zeitung.480grad-lwrs.de\/index.php?rest_route=%2Fwp%2Fv2%2Fmedia&parent=854"}],"wp:term":[{"taxonomy":"category","embeddable":true,"href":"http:\/\/zeitung.480grad-lwrs.de\/index.php?rest_route=%2Fwp%2Fv2%2Fcategories&post=854"},{"taxonomy":"post_tag","embeddable":true,"href":"http:\/\/zeitung.480grad-lwrs.de\/index.php?rest_route=%2Fwp%2Fv2%2Ftags&post=854"}],"curies":[{"name":"wp","href":"https:\/\/api.w.org\/{rel}","templated":true}]}}