{"id":7736,"date":"2018-03-19T17:04:16","date_gmt":"2018-03-19T16:04:16","guid":{"rendered":"http:\/\/zeitung.480grad-lwrs.de\/?p=7736"},"modified":"2018-03-19T17:04:16","modified_gmt":"2018-03-19T16:04:16","slug":"mode-designer-werden-aber-wie","status":"publish","type":"post","link":"http:\/\/zeitung.480grad-lwrs.de\/?p=7736","title":{"rendered":"Mode-Designer werden &#8211; aber wie?"},"content":{"rendered":"<h2 style=\"text-align: justify;\">Habt ihr schon mal \u00fcberlegt Mode und Design zu studieren, wollt aber nicht auf traditionelle Art und Weise euer Abitur erwerben? Dann k\u00f6nnt ihr auch \u00fcber Mode-Akademien eure Fachhochschulreife erhalten und seid nach 3 Jahren Ausbildung &#8222;Staatlich gepr\u00fcfte\/r Modedesigner\/in&#8220;! Mehr Details erfahrt ihr jetzt&#8230;<\/h2>\n<p style=\"text-align: justify;\"><!--more-->Als erstes muss man sagen, dass solch ein Weg \u00fcber eine Akademie generell sehr anspruchsvoll ist, da man die\u00a0FHR (=Fachhochschulreife), also sehr theoretisch, erledigen und zugleich die fachpraktische Ausbildung, also praktisch, absolvieren muss. Au\u00dferdem ist diese Ausbildung sehr teuer, selbst wenn man auf eine staatliche Schule gehen w\u00fcrde.<\/p>\n<p style=\"text-align: justify;\">Die Voraussetzungen, um an eine Modeschule zu gelangen:<\/p>\n<ul style=\"text-align: justify;\">\n<li>Mittlere Reife <em>oder<\/em> abgeschlossene 10. Klasse am Gymnasium<\/li>\n<li>Bei den meisten Modeschulen: eine Designmappe<\/li>\n<li>Lebenslauf<\/li>\n<li>Voranmeldung bis Ende M\u00e4rz (kommt auf Schule an)<\/li>\n<\/ul>\n<p style=\"text-align: justify;\">Diese Kosten fallen an:<\/p>\n<ul style=\"text-align: justify;\">\n<li>Grundschulgeb\u00fchr: zwischen 150 \u20ac &#8211; 300 \u20ac pro Monat (bei staatlicher Schule)<\/li>\n<li>Teils Leihlaptop mit ben\u00f6tigter Software: ca. 600 \u20ac<\/li>\n<li>Studentenheim \/ WG \/\u00a0Fahrtkosten: ca. 300 \u20ac\u00a0pro Monat (schwankt je nach Standort)<\/li>\n<\/ul>\n<p style=\"text-align: justify;\">M\u00f6glichkeiten der Kosten\u00fcbernahme:<\/p>\n<ul style=\"text-align: justify;\">\n<li>Teil- \/ Vollstipendium: Ohne R\u00fcckzahlung<\/li>\n<li>Sch\u00fclerkredite: verzinste R\u00fcckzahlung<\/li>\n<li>BAf\u00f6G: H\u00e4lfte ohne R\u00fcckzahlung, sonst nicht-verzinste R\u00fcckzahlung<\/li>\n<li>F\u00f6rderung: Arbeitsagentur f\u00fcr Arbeit, Bundeswehr&#8230; -&gt; Um diese M\u00f6glichkeit zu erhalten, fr\u00fchzeitige Beantragung \/ Bewerbung\u00a0notwendig<\/li>\n<\/ul>\n<p style=\"text-align: justify;\"><strong>Modeakademien in der N\u00e4he:<\/strong><\/p>\n<p style=\"text-align: justify;\">Deutsche Pop (M\u00fcnchen):<\/p>\n<ul style=\"text-align: justify;\">\n<li>Teilzeit und Vollzeit Kursbelegung: 6 Halbjahre (Teilzeit) oder 3 Halbjahre (Vollzeit)<\/li>\n<li>Finanzierung: ab 69 \u20ac pro Monat (Praxisausbildung)<\/li>\n<li>Nur Diploma keine FHR<\/li>\n<\/ul>\n<p style=\"text-align: justify;\">Zentrum f\u00fcr Gestaltung Ulm<\/p>\n<ul style=\"text-align: justify;\">\n<li>Keine Designmappe zur Anmeldung erforderlich (aber Aufnahmepr\u00fcfung im Bereich Sachzeichnen und freies Zeichnen)<\/li>\n<li>250 \u20ac pro Monat (3.000 pro Jahr) + 588 \u20ac f\u00fcr Laptop inkl. Software pro Jahr (Durchschnittswert wird auf Einkommen der Eltern abgestimmt)<\/li>\n<li>AP: schriftliche, m\u00fcndliche und praktische Pr\u00fcfung<\/li>\n<li>F\u00fcr FHR: Zus\u00e4tzlich Englisch und Mathematik (schriftliche und ggf. m\u00fcndliche Pr\u00fcfung)<\/li>\n<li>Nachteil: In einem anderen Bundesland!!!<\/li>\n<\/ul>\n<p style=\"text-align: justify;\"><strong>Quellen:<\/strong><\/p>\n<p style=\"text-align: justify;\">Katalog Deutsche Pop: https:\/\/deutsche-pop.com\/de\/form?q=brxbgxform<\/p>\n<p style=\"text-align: justify;\">http:\/\/www.zfg-schulen.de\/anmeldung-kosten\/anmeldung-kosten\/<\/p>\n<p style=\"text-align: justify;\">https:\/\/deutsche-pop.com\/de\/fashion-designer#headline<\/p>\n","protected":false},"excerpt":{"rendered":"<p>Habt ihr schon mal \u00fcberlegt Mode und Design zu studieren, wollt aber nicht auf traditionelle Art und Weise euer Abitur erwerben? Dann k\u00f6nnt ihr auch \u00fcber Mode-Akademien eure Fachhochschulreife erhalten und seid nach 3 Jahren Ausbildung &#8222;Staatlich gepr\u00fcfte\/r Modedesigner\/in&#8220;! Mehr Details erfahrt ihr jetzt&#8230;<\/p>\n","protected":false},"author":26,"featured_media":7808,"comment_status":"open","ping_status":"open","sticky":false,"template":"","format":"standard","meta":{"footnotes":""},"categories":[8,10,3],"tags":[],"class_list":["post-7736","post","type-post","status-publish","format-standard","has-post-thumbnail","hentry","category-aus-unserer-welt","category-leben","category-start"],"_links":{"self":[{"href":"http:\/\/zeitung.480grad-lwrs.de\/index.php?rest_route=\/wp\/v2\/posts\/7736","targetHints":{"allow":["GET"]}}],"collection":[{"href":"http:\/\/zeitung.480grad-lwrs.de\/index.php?rest_route=\/wp\/v2\/posts"}],"about":[{"href":"http:\/\/zeitung.480grad-lwrs.de\/index.php?rest_route=\/wp\/v2\/types\/post"}],"author":[{"embeddable":true,"href":"http:\/\/zeitung.480grad-lwrs.de\/index.php?rest_route=\/wp\/v2\/users\/26"}],"replies":[{"embeddable":true,"href":"http:\/\/zeitung.480grad-lwrs.de\/index.php?rest_route=%2Fwp%2Fv2%2Fcomments&post=7736"}],"version-history":[{"count":0,"href":"http:\/\/zeitung.480grad-lwrs.de\/index.php?rest_route=\/wp\/v2\/posts\/7736\/revisions"}],"wp:featuredmedia":[{"embeddable":true,"href":"http:\/\/zeitung.480grad-lwrs.de\/index.php?rest_route=\/wp\/v2\/media\/7808"}],"wp:attachment":[{"href":"http:\/\/zeitung.480grad-lwrs.de\/index.php?rest_route=%2Fwp%2Fv2%2Fmedia&parent=7736"}],"wp:term":[{"taxonomy":"category","embeddable":true,"href":"http:\/\/zeitung.480grad-lwrs.de\/index.php?rest_route=%2Fwp%2Fv2%2Fcategories&post=7736"},{"taxonomy":"post_tag","embeddable":true,"href":"http:\/\/zeitung.480grad-lwrs.de\/index.php?rest_route=%2Fwp%2Fv2%2Ftags&post=7736"}],"curies":[{"name":"wp","href":"https:\/\/api.w.org\/{rel}","templated":true}]}}