{"id":7621,"date":"2018-01-28T14:39:23","date_gmt":"2018-01-28T13:39:23","guid":{"rendered":"http:\/\/zeitung.480grad-lwrs.de\/?p=7621"},"modified":"2018-01-28T14:39:23","modified_gmt":"2018-01-28T13:39:23","slug":"lehrerbilderraetsel-interview-mit-frau-friedrich","status":"publish","type":"post","link":"http:\/\/zeitung.480grad-lwrs.de\/?p=7621","title":{"rendered":"Lehrerbilderr\u00e4tsel: Interview mit Frau Friedrich"},"content":{"rendered":"<p><em>Ein Interview von Melissa Christian<\/em><\/p>\n<h2 style=\"text-align: justify;\">Wer die Lehrkraft auf dem Kinderfoto ist, habt ihr bereits erfahren, erfahrt jetzt, was ihre Zukunftspl\u00e4ne sind, wird sie uns etwa verlassen???<\/h2>\n<p style=\"text-align: justify;\"><!--more--><\/p>\n<p style=\"text-align: justify;\"><em>Ich: <\/em><strong>Sch\u00f6n,<\/strong><strong> dass Sie sich f\u00fcr dieses kurze Interview Zeit genommen haben.<\/strong><\/p>\n<p style=\"text-align: justify;\"><em>Frau Friedrich:<\/em> <strong>Gerne<\/strong><\/p>\n<p style=\"text-align: justify;\"><em><a href=\"http:\/\/zeitung.480grad-lwrs.de\/wp-content\/uploads\/2017\/07\/Scan_Pic0002.jpg\"><img decoding=\"async\" class=\"alignleft size-thumbnail wp-image-6681\" src=\"http:\/\/zeitung.480grad-lwrs.de\/wp-content\/uploads\/2017\/07\/Scan_Pic0002-150x150.jpg\" alt=\"\" width=\"150\" height=\"150\" \/><\/a>Ich:<\/em> <strong>Wie sich herausgestellt hat, sind Sie das auf dem Bild des aktuellen Lehrerbilderr\u00e4tsels. Wie alt waren sie auf dem Kinderbild?<\/strong><\/p>\n<p style=\"text-align: justify;\"><em>Frau Friedrich:<\/em> <strong>Dar\u00fcber haben wir auch schon ger\u00e4tselt, wir waren uns net ganz sicher,\u00a0meine Eltern und ich, aber ich sch\u00e4tze mal, dass ich so eineinhalb\u00a0oder zwei war. Ich hab dann auch mal \u00fcberlegt, wann man Z\u00e4hne kriegt. Ich glaub ich hatte schon welche, also so um den Dreh, w\u00fcrde ich jetzt mal sagen\u00a0&#8230; und laufen konnte ich ja\u00a0auch schon.<\/strong><\/p>\n<p><em>Ich:<\/em> <strong>Zu welchem Anlass wurde das Kinderfoto aufgenommen?<\/strong><\/p>\n<p style=\"text-align: justify;\"><em>Frau Friedrich:<\/em> <strong>Ach, ich glaub das war kein spezieller Anlass, ich denk, das ist einfach aus der Situation heraus entstanden, weil ich grad wahrscheinlich gute Laune gehabt hab und ein Fotoapparat bereit lag.<\/strong><\/p>\n<p style=\"text-align: justify;\"><em><a href=\"http:\/\/zeitung.480grad-lwrs.de\/wp-content\/uploads\/2018\/01\/1996.jpg\"><img decoding=\"async\" class=\"alignright size-thumbnail wp-image-7603\" src=\"http:\/\/zeitung.480grad-lwrs.de\/wp-content\/uploads\/2018\/01\/1996-150x150.jpg\" alt=\"\" width=\"150\" height=\"150\" \/><\/a>Ich:<\/em> <strong>Wir haben auch ein zweites Bild von Ihnen bekommen, wo Sie schwer bepackt unterwegs waren. Wie alt waren Sie da und wo war das?<\/strong><\/p>\n<p style=\"text-align: justify;\"><em>Frau Friedrich:<\/em> <strong>Da war ich Anfang 20, das wei\u00df ich\u00a0ziemlich genau, das war w\u00e4hrend dem Studium und da hab ich Inselh\u00fcpfen\u00a0in Griechenland gemacht. Also auf irgend einer griechischen Insel war ich da gestanden.<\/strong><\/p>\n<p style=\"text-align: justify;\"><em>Ich:<\/em><strong> Was bedeutet Inselh\u00fcpfen?<\/strong><\/p>\n<p style=\"text-align: justify;\"><em>Frau Friedrich:<\/em> <strong>Da sind wir also mit dem Rucksack ausgestattet mehrere Wochen durch\u00a0Griechenland gereist und von Insel zu Insel gefahren und dann halt auf der Insel geblieben, wo es uns gefallen hat.<\/strong><\/p>\n<p style=\"text-align: justify;\"><em>Ich:<\/em> <strong>W\u00fcrden Sie etwas \u00e4ndern, wenn Sie die Zeit zur\u00fcckdrehen k\u00f6nnten?<\/strong><\/p>\n<p style=\"text-align: justify;\"><em>Fr. Friedrich:<\/em><strong> Och, das ist eine schwierige Frage, manchmal denk ich mir schon, \u00e4hm, vielleicht h\u00e4tte ich mir auch viele andere Berufe vorstellen k\u00f6nnen, die mir auch Spa\u00df gemacht h\u00e4tten&#8230;<\/strong> <span style=\"color: #999999;\">(Das haben wir jetzt \u00fcberlesen \ud83d\ude09\u00a0)<\/span><\/p>\n<p style=\"text-align: justify;\"><em>Ich<\/em><span style=\"color: #999999;\"> (Oder vielleicht doch nicht \ud83d\ude42\u00a0)<\/span> :<strong> Also bereuen Sie es manchmal, Lehrerin geworden zu sein?<\/strong><\/p>\n<p style=\"text-align: justify;\"><em>Fr. Friedrich:<\/em> <strong>Ne so m\u00f6chte ich es nicht sagen, aber manchmal denk ich mir eigentlich, es gibt so viele spannende Sachen, und da h\u00e4tte mir bestimmt was anderes auch <\/strong><strong>noch Spa\u00df gemacht, vielleicht irgendwas, wo man viel Reisen h\u00e4tte k\u00f6nnen.<\/strong><\/p>\n<p style=\"text-align: justify;\"><em>Ich:<\/em> <strong>Was war Ihr sch\u00f6nstes Erlebnis bis jetzt?<\/strong><\/p>\n<p style=\"text-align: justify;\"><em>Fr. Friedrich:<\/em><strong>\u00a0Pff&#8230; da gibt es viele sch\u00f6nste Erlebnisse,\u00a0ein sch\u00f6nstes Erlebnis ist sicher, wenn man seine Kinder bekommt.<\/strong><\/p>\n<p style=\"text-align: justify;\"><em>Ich:<\/em> <strong>Vielen Dank f\u00fcr das Interview!<\/strong><\/p>\n<p style=\"text-align: justify;\"><em>Fr. Friedrich:<\/em> \u00a0<strong>Ja sehr gerne&#8230;<\/strong><\/p>\n","protected":false},"excerpt":{"rendered":"<p>Ein Interview von Melissa Christian Wer die Lehrkraft auf dem Kinderfoto ist, habt ihr bereits erfahren, erfahrt jetzt, was ihre Zukunftspl\u00e4ne sind, wird sie uns etwa verlassen???<\/p>\n","protected":false},"author":26,"featured_media":7649,"comment_status":"open","ping_status":"open","sticky":false,"template":"","format":"standard","meta":{"footnotes":""},"categories":[37,12,19,11,13,3],"tags":[],"class_list":["post-7621","post","type-post","status-publish","format-standard","has-post-thumbnail","hentry","category-lehrerfotos-raetsel","category-nachgefragt","category-raetsel","category-schule","category-schulleben","category-start"],"_links":{"self":[{"href":"http:\/\/zeitung.480grad-lwrs.de\/index.php?rest_route=\/wp\/v2\/posts\/7621","targetHints":{"allow":["GET"]}}],"collection":[{"href":"http:\/\/zeitung.480grad-lwrs.de\/index.php?rest_route=\/wp\/v2\/posts"}],"about":[{"href":"http:\/\/zeitung.480grad-lwrs.de\/index.php?rest_route=\/wp\/v2\/types\/post"}],"author":[{"embeddable":true,"href":"http:\/\/zeitung.480grad-lwrs.de\/index.php?rest_route=\/wp\/v2\/users\/26"}],"replies":[{"embeddable":true,"href":"http:\/\/zeitung.480grad-lwrs.de\/index.php?rest_route=%2Fwp%2Fv2%2Fcomments&post=7621"}],"version-history":[{"count":0,"href":"http:\/\/zeitung.480grad-lwrs.de\/index.php?rest_route=\/wp\/v2\/posts\/7621\/revisions"}],"wp:featuredmedia":[{"embeddable":true,"href":"http:\/\/zeitung.480grad-lwrs.de\/index.php?rest_route=\/wp\/v2\/media\/7649"}],"wp:attachment":[{"href":"http:\/\/zeitung.480grad-lwrs.de\/index.php?rest_route=%2Fwp%2Fv2%2Fmedia&parent=7621"}],"wp:term":[{"taxonomy":"category","embeddable":true,"href":"http:\/\/zeitung.480grad-lwrs.de\/index.php?rest_route=%2Fwp%2Fv2%2Fcategories&post=7621"},{"taxonomy":"post_tag","embeddable":true,"href":"http:\/\/zeitung.480grad-lwrs.de\/index.php?rest_route=%2Fwp%2Fv2%2Ftags&post=7621"}],"curies":[{"name":"wp","href":"https:\/\/api.w.org\/{rel}","templated":true}]}}