{"id":6369,"date":"2017-09-17T15:22:15","date_gmt":"2017-09-17T13:22:15","guid":{"rendered":"http:\/\/zeitung.480grad-lwrs.de\/?p=6369"},"modified":"2017-09-17T15:29:45","modified_gmt":"2017-09-17T13:29:45","slug":"buchvorstellung-von-der-autorin-selbst-poznanski-elanus","status":"publish","type":"post","link":"http:\/\/zeitung.480grad-lwrs.de\/?p=6369","title":{"rendered":"Buchvorstellung von der Autorin selbst: Poznanski &#8222;Elanus&#8220;"},"content":{"rendered":"<p style=\"text-align: justify;\"><em>Ein Artikel von Janina St\u00f6lzle<\/em><\/p>\n<p style=\"text-align: justify;\"><strong><br \/>\nDie zehnten Klassen hatten vor den Ferien Besuch von der Autorin Ursula Poznanski, die B\u00fccher wie \u2019Erebos\u2019 und \u2019Elanus\u2019 geschrieben hat. Ihr neuer Roman kam gerade erst auf den Markt. Lest weiter&#8230;<\/strong><\/p>\n<p style=\"text-align: justify;\"><!--more--><\/p>\n<p style=\"text-align: justify;\"><a href=\"http:\/\/zeitung.480grad-lwrs.de\/wp-content\/uploads\/2017\/09\/2-e1505654461117.jpg\"><img fetchpriority=\"high\" decoding=\"async\" class=\"alignleft size-medium wp-image-6986\" src=\"http:\/\/zeitung.480grad-lwrs.de\/wp-content\/uploads\/2017\/09\/2-e1505654461117-169x300.jpg\" alt=\"\" width=\"169\" height=\"300\" srcset=\"http:\/\/zeitung.480grad-lwrs.de\/wp-content\/uploads\/2017\/09\/2-e1505654461117-169x300.jpg 169w, http:\/\/zeitung.480grad-lwrs.de\/wp-content\/uploads\/2017\/09\/2-e1505654461117.jpg 480w\" sizes=\"(max-width: 169px) 100vw, 169px\" \/><\/a> Am 28. <span style=\"font-size: 12pt;\">April 2017 war eine Bestseller-Autorin, die national und international gro\u00dfe Erfolge erzielen konnte, h\u00f6chstpers\u00f6nlich an unserer Schule! Als erstes hat sie, Ursula Poznanski, etwas aus dem Buch &#8222;Elanus&#8220; erz\u00e4hlt und dann 40 min daraus vorgelesen. Am Ende konnten wir ihr noch Fragen stellen, die sie alle gerne beantwortet hat. Der Inhalt von Elanus:<\/span><\/p>\n<p style=\"text-align: justify;\"><span style=\"font-size: 12pt;\"><em>&#8222;Jona ist siebzehn und seinen Altersgenossen ein ganzes St\u00fcck voraus, was Intelligenz und Auffassungsgabe betrifft. Allerdings ist er auch sehr talentiert darin, sich bei anderen unbeliebt zu machen und anzuecken. Auf die hervorgerufene Ablehnung reagiert Jona auf ganz eigene Weise: Er l\u00e4sst sein privates Forschungsobjekt auf seine Neider los: eine Drohne. Klein, leise, mit einer hervorragenden Kamera ausgestattet und imstande, jede Person aufzusp\u00fcren, \u00fcber deren Handynummer Jona verf\u00fcgt. Mit dem, was er auf diese Weise zu sehen bekommt, kann er sich zur Wehr setzen gegen Spott und H\u00e4me. <\/em><\/span><br \/>\n<span style=\"font-size: 12pt;\"> <em>Doch dann erf\u00e4hrt er etwas, das besser unentdeckt geblieben w\u00e4re, und pl\u00f6tzlich schwebt er in <\/em><em>t\u00f6dlicher Gefahr.&#8220;<\/em> (<a href=\"http:\/\/www.loewe-verlag.de\/titel-0-0\/elanus-7822\/\">LOEWE VERLAG<\/a>)<\/span><\/p>\n<p><a href=\"http:\/\/zeitung.480grad-lwrs.de\/wp-content\/uploads\/2017\/09\/3.jpg\"><img decoding=\"async\" class=\"size-medium wp-image-6987 aligncenter\" src=\"http:\/\/zeitung.480grad-lwrs.de\/wp-content\/uploads\/2017\/09\/3-300x225.jpg\" alt=\"\" width=\"300\" height=\"225\" srcset=\"http:\/\/zeitung.480grad-lwrs.de\/wp-content\/uploads\/2017\/09\/3-300x225.jpg 300w, http:\/\/zeitung.480grad-lwrs.de\/wp-content\/uploads\/2017\/09\/3-624x468.jpg 624w, http:\/\/zeitung.480grad-lwrs.de\/wp-content\/uploads\/2017\/09\/3.jpg 640w\" sizes=\"(max-width: 300px) 100vw, 300px\" \/><\/a><\/p>\n<p style=\"text-align: justify;\"><span style=\"font-size: 12pt;\">Ich pers\u00f6nlich finde das Buch nicht sehr spannend, da es nicht meiner Themavorstellung entspricht. Bei der Vorlesung gab es trotz alledem ein paar spannende Stellen, bei denen ich gerne\u00a0gewusst h\u00e4tte, wie es weiterginge.<\/span><\/p>\n<p style=\"text-align: justify;\"><span style=\"font-size: 12pt;\">Das Buch ist denen zu empfehlen, die gerne Thriller lesen und sich f\u00fcr Technik, Drohnen usw. interessieren.<\/span><\/p>\n<h3 style=\"text-align: justify;\"><span style=\"font-size: 12pt;\">+++NEWS+++<\/span><\/h3>\n<p style=\"text-align: justify;\"><span style=\"font-size: 12pt;\">Am 14. August 2017, also erst vor einem knappen Monat, kam ein <strong>neuer Roman<\/strong> der Autorin heraus: &#8222;Aquila&#8220;. Auf der <a href=\"http:\/\/www.ursula-poznanski.de\/buecher\/21548-aquila\/\">Internetseite <\/a>von Poznanzki selbst steht Folgendes zum Inhalt:<\/span><\/p>\n<p style=\"text-align: justify;\"><span style=\"font-size: 12pt;\"><i>&#8222;<\/i><em>Ohne Erinnerung an die letzten zwei Tage streift die Studentin Nika durch Siena. Sie vermisst ihr Handy, ihre Schl\u00fcssel und ihren Pass. Mitbewohnerin Jennifer ist ebenfalls verschwunden. Daf\u00fcr steckt in Nikas Hosentasche ein Zettel mit mysteri\u00f6sen Botschaften und Anweisungen. <\/em><\/span><\/p>\n<p><span style=\"font-size: 12pt;\"><em>Das Blut ist nicht deines. <\/em><\/span><br \/>\n<span style=\"font-size: 12pt;\"> <em>Du wei\u00dft, wo das Wasser am dunkelsten ist. <\/em><\/span><br \/>\n<span style=\"font-size: 12pt;\"> <em>Halte dich fern von Adler und Einhorn &#8230; <\/em><\/span><\/p>\n<p><span style=\"font-size: 12pt;\"><em>Welchen Sinn soll das ergeben? Und was, zum Teufel, ist geschehen zwischen Samstagabend und Dienstagmorgen?<\/em> &#8222;<\/span><\/p>\n<p><span style=\"font-size: 12pt;\">(Quelle:\u00a0http:\/\/www.ursula-poznanski.de\/buecher\/21548-aquila\/<\/span>)<\/p>\n","protected":false},"excerpt":{"rendered":"<p>Ein Artikel von Janina St\u00f6lzle Die zehnten Klassen hatten vor den Ferien Besuch von der Autorin Ursula Poznanski, die B\u00fccher wie \u2019Erebos\u2019 und \u2019Elanus\u2019 geschrieben hat. Ihr neuer Roman kam gerade erst auf den Markt. Lest weiter&#8230;<\/p>\n","protected":false},"author":21,"featured_media":6985,"comment_status":"open","ping_status":"open","sticky":false,"template":"","format":"standard","meta":{"footnotes":""},"categories":[20,3,18],"tags":[],"class_list":["post-6369","post","type-post","status-publish","format-standard","has-post-thumbnail","hentry","category-buch-und-film","category-start","category-unterhaltung"],"_links":{"self":[{"href":"http:\/\/zeitung.480grad-lwrs.de\/index.php?rest_route=\/wp\/v2\/posts\/6369","targetHints":{"allow":["GET"]}}],"collection":[{"href":"http:\/\/zeitung.480grad-lwrs.de\/index.php?rest_route=\/wp\/v2\/posts"}],"about":[{"href":"http:\/\/zeitung.480grad-lwrs.de\/index.php?rest_route=\/wp\/v2\/types\/post"}],"author":[{"embeddable":true,"href":"http:\/\/zeitung.480grad-lwrs.de\/index.php?rest_route=\/wp\/v2\/users\/21"}],"replies":[{"embeddable":true,"href":"http:\/\/zeitung.480grad-lwrs.de\/index.php?rest_route=%2Fwp%2Fv2%2Fcomments&post=6369"}],"version-history":[{"count":0,"href":"http:\/\/zeitung.480grad-lwrs.de\/index.php?rest_route=\/wp\/v2\/posts\/6369\/revisions"}],"wp:featuredmedia":[{"embeddable":true,"href":"http:\/\/zeitung.480grad-lwrs.de\/index.php?rest_route=\/wp\/v2\/media\/6985"}],"wp:attachment":[{"href":"http:\/\/zeitung.480grad-lwrs.de\/index.php?rest_route=%2Fwp%2Fv2%2Fmedia&parent=6369"}],"wp:term":[{"taxonomy":"category","embeddable":true,"href":"http:\/\/zeitung.480grad-lwrs.de\/index.php?rest_route=%2Fwp%2Fv2%2Fcategories&post=6369"},{"taxonomy":"post_tag","embeddable":true,"href":"http:\/\/zeitung.480grad-lwrs.de\/index.php?rest_route=%2Fwp%2Fv2%2Ftags&post=6369"}],"curies":[{"name":"wp","href":"https:\/\/api.w.org\/{rel}","templated":true}]}}