{"id":5985,"date":"2017-04-27T16:52:58","date_gmt":"2017-04-27T14:52:58","guid":{"rendered":"http:\/\/zeitung.480grad-lwrs.de\/?p=5985"},"modified":"2017-04-27T16:52:58","modified_gmt":"2017-04-27T14:52:58","slug":"der-feldhase","status":"publish","type":"post","link":"http:\/\/zeitung.480grad-lwrs.de\/?p=5985","title":{"rendered":"Der Feldhase"},"content":{"rendered":"<p><em>Ein Artikel von Selina Sedlmeir<\/em><\/p>\n<h3 style=\"text-align: justify;\">Viele von euch haben vielleicht einen Hasen als Haustier und kennen sich aus. Ich m\u00f6chte euch heute aber etwas \u00fcber den Feldhasen, also den frei lebenden Hasen,\u00a0erz\u00e4hlen, weil er mein Lieblingstier ist.<\/h3>\n<p><!--more--><\/p>\n<h3 style=\"text-align: justify;\"><img fetchpriority=\"high\" decoding=\"async\" class=\"alignright size-medium wp-image-5987\" src=\"http:\/\/zeitung.480grad-lwrs.de\/wp-content\/uploads\/2017\/03\/hare-1593620_1280-300x200.jpg\" alt=\"hare-1593620_1280\" width=\"300\" height=\"200\" srcset=\"http:\/\/zeitung.480grad-lwrs.de\/wp-content\/uploads\/2017\/03\/hare-1593620_1280-300x200.jpg 300w, http:\/\/zeitung.480grad-lwrs.de\/wp-content\/uploads\/2017\/03\/hare-1593620_1280-768x512.jpg 768w, http:\/\/zeitung.480grad-lwrs.de\/wp-content\/uploads\/2017\/03\/hare-1593620_1280-1024x682.jpg 1024w, http:\/\/zeitung.480grad-lwrs.de\/wp-content\/uploads\/2017\/03\/hare-1593620_1280-624x416.jpg 624w, http:\/\/zeitung.480grad-lwrs.de\/wp-content\/uploads\/2017\/03\/hare-1593620_1280.jpg 1280w\" sizes=\"(max-width: 300px) 100vw, 300px\" \/><\/h3>\n<p style=\"text-align: justify;\"><span style=\"color: #0066cc;\"><span style=\"color: #000000;\">Der Feldhase ist ein faszinierendes Tier. Er ist nicht nur der Meister der Tarnung mit einem sehr, sehr guten Geh\u00f6r, sondern auch ein\u00a0exzellenter Sprinter mit einer gut durchdachten Fluchttechnik, den so schnell keiner einholt. Doch leider macht ihm\u00a0der Bau von Stra\u00dfen das Leben schwer, denn die Hasen m\u00fcssen oftmals eine gro\u00dfe Stra\u00dfe \u00fcberqueren, damit\u00a0sie auf\u00a0eine andere Wiese\u00a0kommen.\u00a0Dabei werden leider viele \u00fcberfahren.<\/span><\/span><\/p>\n<p style=\"text-align: justify;\"><span style=\"color: #0066cc;\"><span style=\"color: #000000;\">In Latein wird der Name<strong>\u00a0<span style=\"color: #ff0000;\">LEPUS EUROPAEUS<\/span><\/strong><\/span><\/span><strong>\u00a0ausgesprochen<\/strong><strong>\u00a0<\/strong><\/p>\n<p style=\"text-align: justify;\">Der wilde Hase\u00a0kann bis zu 12 Jahre alt werden und 4-5 Kg wiegen.<\/p>\n<p style=\"text-align: justify;\"><strong><span style=\"color: #ff0000;\">Das Aussehen<\/span><\/strong><\/p>\n<p style=\"text-align: justify;\">Das Aussehen ist ganz unterschiedlich, denn im Sommer ist das Fell des Feldhasen erdbraun, im<img decoding=\"async\" class=\"alignright size-medium wp-image-6124\" src=\"http:\/\/zeitung.480grad-lwrs.de\/wp-content\/uploads\/2017\/04\/P1020300-300x169.jpg\" alt=\"p1020300\" width=\"300\" height=\"169\" srcset=\"http:\/\/zeitung.480grad-lwrs.de\/wp-content\/uploads\/2017\/04\/P1020300-300x169.jpg 300w, http:\/\/zeitung.480grad-lwrs.de\/wp-content\/uploads\/2017\/04\/P1020300-768x432.jpg 768w, http:\/\/zeitung.480grad-lwrs.de\/wp-content\/uploads\/2017\/04\/P1020300-1024x576.jpg 1024w, http:\/\/zeitung.480grad-lwrs.de\/wp-content\/uploads\/2017\/04\/P1020300-624x351.jpg 624w, http:\/\/zeitung.480grad-lwrs.de\/wp-content\/uploads\/2017\/04\/P1020300.jpg 1920w\" sizes=\"(max-width: 300px) 100vw, 300px\" \/> Winter gr\u00e4ulich-braun. Die Hinterl\u00e4ufe und Ohren sind ganz au\u00dfergew\u00f6hnlich lang. Der Feldhase ist kurzsichtig und sieht vor allem Bewegungen (Bewegungseher) , er hat aber den perfekten \u00dcberblick! Durch die seitlich stehenden Augen (=Seher) \u00fcberblickt er einen Bereich von fast 360 Grad.<\/p>\n<p style=\"text-align: justify;\"><strong><span style=\"color: #ff0000;\">Das Fell<\/span><\/strong><\/p>\n<p style=\"text-align: justify;\">Das Feldhasenfell besteht aus Unterwolle und einer festeren <strong>Grannenbehaarung<\/strong>, die auf der <img decoding=\"async\" class=\"alignright size-medium wp-image-6139\" src=\"http:\/\/zeitung.480grad-lwrs.de\/wp-content\/uploads\/2017\/04\/hare-177669_1280-300x169.jpg\" alt=\"hare-177669_1280\" width=\"300\" height=\"169\" srcset=\"http:\/\/zeitung.480grad-lwrs.de\/wp-content\/uploads\/2017\/04\/hare-177669_1280-300x169.jpg 300w, http:\/\/zeitung.480grad-lwrs.de\/wp-content\/uploads\/2017\/04\/hare-177669_1280-768x432.jpg 768w, http:\/\/zeitung.480grad-lwrs.de\/wp-content\/uploads\/2017\/04\/hare-177669_1280-1024x576.jpg 1024w, http:\/\/zeitung.480grad-lwrs.de\/wp-content\/uploads\/2017\/04\/hare-177669_1280-624x351.jpg 624w, http:\/\/zeitung.480grad-lwrs.de\/wp-content\/uploads\/2017\/04\/hare-177669_1280.jpg 1280w\" sizes=\"(max-width: 300px) 100vw, 300px\" \/>Oberseite braungelbe und an den K\u00f6rperseiten r\u00f6tliche Farbt\u00f6ne mit schwarzen Spitzen zeigt. Diese Grannenbehaarung weist Feuchtigkeit ab und w\u00e4rmt. Bauch und Schwanzunterseite sind wei\u00df.<\/p>\n<h3 style=\"text-align: justify;\"><span style=\"color: #ff0000;\"><strong>\u00a0Lebensweise<\/strong><\/span><\/h3>\n<p style=\"text-align: justify;\">Der Feldhase ist sehr scheu und lebt meist nachtaktiv als Einzelg\u00e4nger. Er mag warme, trockene und offene\u00a0Fl\u00e4chen mit einer guten Rundsicht. Seine Sasse (= seinen\u00a0Bau)\u00a0w\u00e4hlt der Feldhase so, dass<img loading=\"lazy\" decoding=\"async\" class=\"alignright size-medium wp-image-6175\" src=\"http:\/\/zeitung.480grad-lwrs.de\/wp-content\/uploads\/2017\/04\/hare-177666_1280-300x169.jpg\" alt=\"hare-177666_1280\" width=\"300\" height=\"169\" srcset=\"http:\/\/zeitung.480grad-lwrs.de\/wp-content\/uploads\/2017\/04\/hare-177666_1280-300x169.jpg 300w, http:\/\/zeitung.480grad-lwrs.de\/wp-content\/uploads\/2017\/04\/hare-177666_1280-768x432.jpg 768w, http:\/\/zeitung.480grad-lwrs.de\/wp-content\/uploads\/2017\/04\/hare-177666_1280-1024x576.jpg 1024w, http:\/\/zeitung.480grad-lwrs.de\/wp-content\/uploads\/2017\/04\/hare-177666_1280-624x351.jpg 624w, http:\/\/zeitung.480grad-lwrs.de\/wp-content\/uploads\/2017\/04\/hare-177666_1280.jpg 1280w\" sizes=\"(max-width: 300px) 100vw, 300px\" \/> er sein Umfeld m\u00f6glichst gut und weit \u00fcberblicken kann. Im Winter l\u00e4sst er sich in seiner Sasse sogar einschneien. Um m\u00f6gliche Feinde zu t\u00e4uschen, nimmt der schnelle Sprinter auf seinem Weg zur Sasse viele Umwege in Kauf. Endlich an seiner Sasse angekommen, macht er einen groooo\u00dfen Sprung hinein, um seinen Feinden keine Spur zu hinterlassen.<\/p>\n<p style=\"text-align: justify;\"><strong><span style=\"color: #33cccc;\">Ich hoffe euch hat dieser Artikel \u00fcber den Feldhasen gefallen. \ud83d\ude09\u00a0<\/span><\/strong><\/p>\n<p style=\"text-align: justify;\">PS: Wenn ihr mehr \u00fcber den Feldhasen erfahren wollt, dann schaut auf <strong>www.deutschewildtierstiftung.de<\/strong> vorbei. Hierher habe auch ich meine Informationen!<\/p>\n","protected":false},"excerpt":{"rendered":"<p>Ein Artikel von Selina Sedlmeir Viele von euch haben vielleicht einen Hasen als Haustier und kennen sich aus. Ich m\u00f6chte euch heute aber etwas \u00fcber den Feldhasen, also den frei lebenden Hasen,\u00a0erz\u00e4hlen, weil er mein Lieblingstier ist.<\/p>\n","protected":false},"author":21,"featured_media":6139,"comment_status":"open","ping_status":"open","sticky":false,"template":"","format":"standard","meta":{"footnotes":""},"categories":[23,8,10,3,18],"tags":[],"class_list":["post-5985","post","type-post","status-publish","format-standard","has-post-thumbnail","hentry","category-achtung-wild","category-aus-unserer-welt","category-leben","category-start","category-unterhaltung"],"_links":{"self":[{"href":"http:\/\/zeitung.480grad-lwrs.de\/index.php?rest_route=\/wp\/v2\/posts\/5985","targetHints":{"allow":["GET"]}}],"collection":[{"href":"http:\/\/zeitung.480grad-lwrs.de\/index.php?rest_route=\/wp\/v2\/posts"}],"about":[{"href":"http:\/\/zeitung.480grad-lwrs.de\/index.php?rest_route=\/wp\/v2\/types\/post"}],"author":[{"embeddable":true,"href":"http:\/\/zeitung.480grad-lwrs.de\/index.php?rest_route=\/wp\/v2\/users\/21"}],"replies":[{"embeddable":true,"href":"http:\/\/zeitung.480grad-lwrs.de\/index.php?rest_route=%2Fwp%2Fv2%2Fcomments&post=5985"}],"version-history":[{"count":0,"href":"http:\/\/zeitung.480grad-lwrs.de\/index.php?rest_route=\/wp\/v2\/posts\/5985\/revisions"}],"wp:featuredmedia":[{"embeddable":true,"href":"http:\/\/zeitung.480grad-lwrs.de\/index.php?rest_route=\/wp\/v2\/media\/6139"}],"wp:attachment":[{"href":"http:\/\/zeitung.480grad-lwrs.de\/index.php?rest_route=%2Fwp%2Fv2%2Fmedia&parent=5985"}],"wp:term":[{"taxonomy":"category","embeddable":true,"href":"http:\/\/zeitung.480grad-lwrs.de\/index.php?rest_route=%2Fwp%2Fv2%2Fcategories&post=5985"},{"taxonomy":"post_tag","embeddable":true,"href":"http:\/\/zeitung.480grad-lwrs.de\/index.php?rest_route=%2Fwp%2Fv2%2Ftags&post=5985"}],"curies":[{"name":"wp","href":"https:\/\/api.w.org\/{rel}","templated":true}]}}