{"id":285,"date":"2015-05-16T13:22:26","date_gmt":"2015-05-16T13:22:26","guid":{"rendered":"http:\/\/zeitung.480grad-lwrs.de\/?p=285"},"modified":"2015-06-06T18:47:44","modified_gmt":"2015-06-06T16:47:44","slug":"steckbrief-ueber-selena-gomez","status":"publish","type":"post","link":"http:\/\/zeitung.480grad-lwrs.de\/?p=285","title":{"rendered":"Steckbrief von Selena Gomez"},"content":{"rendered":"<p style=\"text-align: justify;\"><em>Ein Artikel von Michelle Fritsch<\/em><br \/>\n<strong><br \/>\n<\/strong><a href=\"http:\/\/zeitung.480grad-lwrs.de\/wp-content\/uploads\/2015\/05\/Selena-Gomez-Michelle1.jpg\"><img fetchpriority=\"high\" decoding=\"async\" class=\"alignleft wp-image-389 size-medium\" src=\"http:\/\/zeitung.480grad-lwrs.de\/wp-content\/uploads\/2015\/05\/Selena-Gomez-Michelle1-208x300.jpg\" alt=\"Selena Gomez Michelle\" width=\"208\" height=\"300\" srcset=\"http:\/\/zeitung.480grad-lwrs.de\/wp-content\/uploads\/2015\/05\/Selena-Gomez-Michelle1-208x300.jpg 208w, http:\/\/zeitung.480grad-lwrs.de\/wp-content\/uploads\/2015\/05\/Selena-Gomez-Michelle1-711x1024.jpg 711w, http:\/\/zeitung.480grad-lwrs.de\/wp-content\/uploads\/2015\/05\/Selena-Gomez-Michelle1-624x898.jpg 624w, http:\/\/zeitung.480grad-lwrs.de\/wp-content\/uploads\/2015\/05\/Selena-Gomez-Michelle1.jpg 1073w\" sizes=\"(max-width: 208px) 100vw, 208px\" \/><\/a><\/p>\n<p style=\"text-align: justify;\"><strong>Ich habe einen S<\/strong><strong>teckbrief \u00fcber Selena Gomez geschrieben und mich ein wenig dar\u00fcber hinaus schlau gemacht, da ich sie sehr toll finde. Die meisten von euch kennen sie als Schauspielerin, abe<\/strong><strong>r ich pers\u00f6nlich bewundere sie wegen ihrer Stimme.<\/strong><\/p>\n<p style=\"text-align: justify;\">\n<p style=\"text-align: justify;\">\n<p style=\"text-align: justify;\"><!--more--><\/p>\n<p>&nbsp;<\/p>\n<p><strong>Steckbrief<\/strong><\/p>\n<p style=\"text-align: justify;\">Name: Selena Maria Gomez<\/p>\n<p style=\"text-align: justify;\">Gr\u00f6\u00dfe: 1,65 m<\/p>\n<p style=\"text-align: justify;\">Alter: 22<\/p>\n<p style=\"text-align: justify;\">Eltern: Amanda Dawn Teefey und Ricardo Joel Gomez<\/p>\n<p style=\"text-align: justify;\">Geschwister: 1 Halbschwester Namens Gracie Elliot Teefey<\/p>\n<p style=\"text-align: justify;\">Beruf: S\u00e4ngerin und Schauspielerin<\/p>\n<p style=\"text-align: justify;\">Geboren: 22. Juli. 1992<\/p>\n<p style=\"text-align: justify;\">Heimatort: Grand Prairie in Texas<\/p>\n<p style=\"text-align: justify;\"><strong>Hier ein paar Infos \u00fcber ihr Leben&#8230;<br \/>\n<\/strong>Selena wurde 1992 von der Halbitalienerin Amanda Dawn Teefey in Texas geboren. Ihren Vater, dem Mexikaner Ricardo Gomez sah sie nicht sehr oft, da sie bei ihrer Mutter aufwuchs, nachdem ihre Eltern sich getrennt haben, als sie 5 Jahre alt war. Am 12. Juni 2013 wurde ihre Halbschwester Gracie geboren.<\/p>\n<p style=\"text-align: justify;\">Gomez hat schon fr\u00fch mit dem Schauspielern angefangen. Ihre erste Rolle spielte sie in der Fernsehserie Barney &amp; Friends. Im Alter von 10 Jahren spielte sie bei etlichen Disney Filmen mit, wie zum Beispiel Hannah Montana oder Hotel Zack und Cody mit. Im Jahre 2007 spielte sie die Hauptrolle von Alex Russo in der Disney-Serie Die Zauberer vom Waverly Place.<br \/>\nWeitere Filme und weitere Informationen zu ihr findet ihr <span style=\"color: #000000;\"><a style=\"color: #000000;\" href=\"http:\/\/de.wikipedia.org\/wiki\/Selena_Gomez#Filme\" target=\"_blank\">HIER<\/a><\/span>.<\/p>\n<p style=\"text-align: justify;\">\u00a0Wie schon erw\u00e4hnt, finde ich Selena vor allem wegen ihrer tollen Stimme gut. Ihre Musikkarriere begann erst im Jahr 2007, wo sie erste Erfahrungen mit der Musik sammelte und die Band Selena Gomez &amp; the Scene gr\u00fcndete. Nach ihrem ersten Soloalbum \u201eStars Dance\u201c (2012\/2013) erscheint in diesem Jahr ihr zweites Soloalbum.<\/p>\n<p style=\"text-align: justify;\"><strong>Mein Tipp f\u00fcr euch<br \/>\n<\/strong>Vor allem die Songs <span style=\"color: #000000;\"><a style=\"color: #000000;\" href=\"https:\/\/www.youtube.com\/watch?v=n-D1EB74Ckg\" target=\"_blank\">\u201eCome and Get It\u201c<\/a><\/span> und <span style=\"color: #000000;\"><a style=\"color: #000000;\" href=\"https:\/\/www.youtube.com\/watch?v=Imt-eV9R9Rc\" target=\"_blank\">\u201eThe Heart Wants What It Wants\u201d<\/a><\/span>\u00a0 sind sehr empfehlenswert!<\/p>\n","protected":false},"excerpt":{"rendered":"<p>Ein Artikel von Michelle Fritsch Ich habe einen Steckbrief \u00fcber Selena Gomez geschrieben und mich ein wenig dar\u00fcber hinaus schlau gemacht, da ich sie sehr toll finde. Die meisten von euch kennen sie als Schauspielerin, aber ich pers\u00f6nlich bewundere sie wegen ihrer Stimme.<\/p>\n","protected":false},"author":21,"featured_media":0,"comment_status":"closed","ping_status":"closed","sticky":false,"template":"","format":"standard","meta":{"footnotes":""},"categories":[25],"tags":[],"class_list":["post-285","post","type-post","status-publish","format-standard","hentry","category-stars"],"_links":{"self":[{"href":"http:\/\/zeitung.480grad-lwrs.de\/index.php?rest_route=\/wp\/v2\/posts\/285","targetHints":{"allow":["GET"]}}],"collection":[{"href":"http:\/\/zeitung.480grad-lwrs.de\/index.php?rest_route=\/wp\/v2\/posts"}],"about":[{"href":"http:\/\/zeitung.480grad-lwrs.de\/index.php?rest_route=\/wp\/v2\/types\/post"}],"author":[{"embeddable":true,"href":"http:\/\/zeitung.480grad-lwrs.de\/index.php?rest_route=\/wp\/v2\/users\/21"}],"replies":[{"embeddable":true,"href":"http:\/\/zeitung.480grad-lwrs.de\/index.php?rest_route=%2Fwp%2Fv2%2Fcomments&post=285"}],"version-history":[{"count":0,"href":"http:\/\/zeitung.480grad-lwrs.de\/index.php?rest_route=\/wp\/v2\/posts\/285\/revisions"}],"wp:attachment":[{"href":"http:\/\/zeitung.480grad-lwrs.de\/index.php?rest_route=%2Fwp%2Fv2%2Fmedia&parent=285"}],"wp:term":[{"taxonomy":"category","embeddable":true,"href":"http:\/\/zeitung.480grad-lwrs.de\/index.php?rest_route=%2Fwp%2Fv2%2Fcategories&post=285"},{"taxonomy":"post_tag","embeddable":true,"href":"http:\/\/zeitung.480grad-lwrs.de\/index.php?rest_route=%2Fwp%2Fv2%2Ftags&post=285"}],"curies":[{"name":"wp","href":"https:\/\/api.w.org\/{rel}","templated":true}]}}