{"id":18035,"date":"2025-12-08T14:15:05","date_gmt":"2025-12-08T13:15:05","guid":{"rendered":"http:\/\/zeitung.480grad-lwrs.de\/?p=18035"},"modified":"2025-12-08T14:15:05","modified_gmt":"2025-12-08T13:15:05","slug":"weihnachten-in-der-schweiz","status":"publish","type":"post","link":"http:\/\/zeitung.480grad-lwrs.de\/?p=18035","title":{"rendered":"Weihnachten in der Schweiz"},"content":{"rendered":"<p><strong>Habt ihr euch schonmal gefragt, wie Weihnachten in der Schweiz gefeiert wird? Dann seid ihr hier richtig!<\/strong><!--more--><\/p>\n<p><strong>Hier ein paar Infos zu dem Fes<\/strong>t<strong>:<\/strong><\/p>\n<p>&nbsp;<\/p>\n<p>-Weihnachten wird in der Schweiz am 24. Dezember gefeiert und ist ein sehr beliebtes Fest.<img fetchpriority=\"high\" decoding=\"async\" class=\" wp-image-18064 alignright\" src=\"http:\/\/zeitung.480grad-lwrs.de\/wp-content\/uploads\/2025\/12\/Weihnachten-in-der-Schweiz-200x300.jpg\" alt=\"\" width=\"326\" height=\"489\" srcset=\"http:\/\/zeitung.480grad-lwrs.de\/wp-content\/uploads\/2025\/12\/Weihnachten-in-der-Schweiz-200x300.jpg 200w, http:\/\/zeitung.480grad-lwrs.de\/wp-content\/uploads\/2025\/12\/Weihnachten-in-der-Schweiz-682x1024.jpg 682w, http:\/\/zeitung.480grad-lwrs.de\/wp-content\/uploads\/2025\/12\/Weihnachten-in-der-Schweiz-768x1152.jpg 768w, http:\/\/zeitung.480grad-lwrs.de\/wp-content\/uploads\/2025\/12\/Weihnachten-in-der-Schweiz-600x900.jpg 600w, http:\/\/zeitung.480grad-lwrs.de\/wp-content\/uploads\/2025\/12\/Weihnachten-in-der-Schweiz.jpg 853w\" sizes=\"(max-width: 326px) 100vw, 326px\" \/><\/p>\n<p style=\"text-align: justify;\">-Es gibt viele ber\u00fchmte Weihnachtsm\u00e4rkte, wie zum Beispiel der &#8222;Basler Weihnachtsmarkt&#8220;, dieser gilt als der sch\u00f6nste und gr\u00f6\u00dfte Weihnachtsmarkt in ganz Europa, er findet vom 27 November bis zum 23 Dezember statt und bietet \u00fcber 150 St\u00e4nde mit Gl\u00fchwein, Weihnachtsdekoration und kulinarischen K\u00f6stlichkeiten! Weitere beliebte Weihnachtsm\u00e4rkte sind der z\u00fcricher Christkindlmarkt oder der Sternmarkt in St. Gallen. Diese M\u00e4rkte sind bekannt f\u00fcr ihre festliche Beleuchtung, handgefertigte Geschenke und nat\u00fcrlich traditionelle Schweizer Leckereien wie Raclette und Fondue (ein K\u00e4se Gericht)<\/p>\n<p>-Zu der Bescherung geh\u00f6rt ein Festessen am Heiligabend, gefolgt von einem Gottesdienst<\/p>\n<p>-Die Geschenke werden nicht vom Weihnachtsmann gebracht, sondern vom Christkind<\/p>\n<p style=\"text-align: justify;\">&#8211; Die Weihnachtsfeiertage, welche vom 25.12 bis zum 26.12 stattfinden, sind eine Zeit, in der man viel Zeit mit der Familie und Freunden verbringt, leckeres Essen genie\u00dft und sch\u00f6ne Erinnerungen schafft<\/p>\n<p style=\"text-align: justify;\">-Der heilige St. Nikolaus, welcher am 6.12 stattfindet, wird auch in der Schweiz gefeiert, jedoch hei\u00dft er dort nicht &#8222;Nikolaus&#8220; sondern &#8222;Samichlaus&#8220;, er tr\u00e4gt ein dunkelrotes Gewand und wird von Schmutzli begleitet, dieser ist sein Knecht. Die beiden bringen den Kindern Geschenke.<\/p>\n<p>-Das Christkind bringt den Kindern in S\u00fcddeutschland, \u00d6sterreich und den meisten Teilen der Schweiz Geschenke.&#8220;P\u00e8re No\u00ebl&#8220; (der franz\u00f6sische Name f\u00fcr Weihnachtsmann) bringt den ganz braven Kindern in der Westschweiz Geschenke<\/p>\n<p style=\"text-align: justify;\">-Ein typisches Weihnachtsessen gibt es in der Schweiz nicht, da jede Familie ihre eigene Tradition hat, jedoch werden traditionelle Gerichte, so wie Raclette, Fondue Chinoise, Rollschinken oder &#8222;Sch\u00fcfeli&#8220; (flache Schweinsschulter)\u00a0 immer noch serviert<\/p>\n<p style=\"text-align: justify;\"><img decoding=\"async\" class=\" wp-image-18065 alignleft\" src=\"http:\/\/zeitung.480grad-lwrs.de\/wp-content\/uploads\/2025\/12\/Weihnachten-in-der-schweiz-2-300x200.jpg\" alt=\"\" width=\"371\" height=\"247\" srcset=\"http:\/\/zeitung.480grad-lwrs.de\/wp-content\/uploads\/2025\/12\/Weihnachten-in-der-schweiz-2-300x200.jpg 300w, http:\/\/zeitung.480grad-lwrs.de\/wp-content\/uploads\/2025\/12\/Weihnachten-in-der-schweiz-2-1024x682.jpg 1024w, http:\/\/zeitung.480grad-lwrs.de\/wp-content\/uploads\/2025\/12\/Weihnachten-in-der-schweiz-2-768x512.jpg 768w, http:\/\/zeitung.480grad-lwrs.de\/wp-content\/uploads\/2025\/12\/Weihnachten-in-der-schweiz-2.jpg 1280w\" sizes=\"(max-width: 371px) 100vw, 371px\" \/>&#8211; Ein Adventskranz wird auch in der Schweiz sehr oft genutzt, der Weihnachtsbaum wird oft mit Lichtern, Kugeln oder kleinen Fig\u00fcrchen geschm\u00fcckt. Auch Kerzen oder Adventsterne sind sehr beliebt.<\/p>\n<p><strong>Das waren alle Infos zum Fest die ihr wissen m\u00fcsst! Frohe Weihnachtszeit! \ud83d\ude42 <\/strong><\/p>\n","protected":false},"excerpt":{"rendered":"<p>Habt ihr euch schonmal gefragt, wie Weihnachten in der Schweiz gefeiert wird? Dann seid ihr hier richtig!<\/p>\n","protected":false},"author":125,"featured_media":18067,"comment_status":"closed","ping_status":"open","sticky":false,"template":"","format":"standard","meta":{"footnotes":""},"categories":[8,10,3],"tags":[],"class_list":["post-18035","post","type-post","status-publish","format-standard","has-post-thumbnail","hentry","category-aus-unserer-welt","category-leben","category-start"],"_links":{"self":[{"href":"http:\/\/zeitung.480grad-lwrs.de\/index.php?rest_route=\/wp\/v2\/posts\/18035","targetHints":{"allow":["GET"]}}],"collection":[{"href":"http:\/\/zeitung.480grad-lwrs.de\/index.php?rest_route=\/wp\/v2\/posts"}],"about":[{"href":"http:\/\/zeitung.480grad-lwrs.de\/index.php?rest_route=\/wp\/v2\/types\/post"}],"author":[{"embeddable":true,"href":"http:\/\/zeitung.480grad-lwrs.de\/index.php?rest_route=\/wp\/v2\/users\/125"}],"replies":[{"embeddable":true,"href":"http:\/\/zeitung.480grad-lwrs.de\/index.php?rest_route=%2Fwp%2Fv2%2Fcomments&post=18035"}],"version-history":[{"count":4,"href":"http:\/\/zeitung.480grad-lwrs.de\/index.php?rest_route=\/wp\/v2\/posts\/18035\/revisions"}],"predecessor-version":[{"id":18092,"href":"http:\/\/zeitung.480grad-lwrs.de\/index.php?rest_route=\/wp\/v2\/posts\/18035\/revisions\/18092"}],"wp:featuredmedia":[{"embeddable":true,"href":"http:\/\/zeitung.480grad-lwrs.de\/index.php?rest_route=\/wp\/v2\/media\/18067"}],"wp:attachment":[{"href":"http:\/\/zeitung.480grad-lwrs.de\/index.php?rest_route=%2Fwp%2Fv2%2Fmedia&parent=18035"}],"wp:term":[{"taxonomy":"category","embeddable":true,"href":"http:\/\/zeitung.480grad-lwrs.de\/index.php?rest_route=%2Fwp%2Fv2%2Fcategories&post=18035"},{"taxonomy":"post_tag","embeddable":true,"href":"http:\/\/zeitung.480grad-lwrs.de\/index.php?rest_route=%2Fwp%2Fv2%2Ftags&post=18035"}],"curies":[{"name":"wp","href":"https:\/\/api.w.org\/{rel}","templated":true}]}}