{"id":17632,"date":"2025-05-29T18:55:13","date_gmt":"2025-05-29T16:55:13","guid":{"rendered":"http:\/\/zeitung.480grad-lwrs.de\/?p=17632"},"modified":"2025-05-29T22:25:08","modified_gmt":"2025-05-29T20:25:08","slug":"der-landtag-sind-wir-2-0-edition","status":"publish","type":"post","link":"http:\/\/zeitung.480grad-lwrs.de\/?p=17632","title":{"rendered":"Der Landtag sind wir! 2.0 Edition!"},"content":{"rendered":"<p style=\"text-align: justify;\">Das Planspiel &#8222;Der Landtag sind wir&#8220; geht in die n\u00e4chste Runde! Aber diesmal nicht an unserer Schule: Also machten wir uns am 24.02.2025 auf den Weg in den <span style=\"color: #00ccff; font-size: 14pt;\">bayerischen Landtag! <span style=\"font-size: 12pt; color: #000000;\">Wenn euch interessiert, was wir dieses Jahr noch viel Spannenderes und Aufschlussreicheres erlebt haben, klickt gerne auf Weiterlesen!<\/span><\/span><\/p>\n<p><!--more--><\/p>\n<p style=\"text-align: justify;\">Wenn ihr unsere Seite schon etwas l\u00e4nger verfolgt, ist euch letztes Jahr bestimmt schon der Artikel <a href=\"http:\/\/zeitung.480grad-lwrs.de\/?p=16810\">&#8222;Der Landtag sind wir&#8220;<\/a> ins Auge gestochen. Dort durften wir Sch\u00fcler mit Unterst\u00fctzung von Studenten, Lehrern und echten Abgeordneten einen Tag des bayerischen\u00a0 Landtags an unserer Schule nachspielen, um etwas \u00fcber die Gegebenheiten dort zu lernen und einmal selbst Hand anzulegen. Wenn euch also Begriffe wie &#8222;Fraktion&#8220; oder &#8222;Ausschuss&#8220; nichts sagen, dann werft gerne noch einmal einen Blick auf den <a href=\"http:\/\/zeitung.480grad-lwrs.de\/?p=16810\">alten Artikel<\/a>, in dem wir all diese Begriffe erkl\u00e4ren.<\/p>\n<p><span style=\"text-decoration: underline;\"><span style=\"font-size: 18pt;\">Der Landtag<\/span><\/span><\/p>\n<p>Zuerst einmal m\u00fcssen wir kl\u00e4ren, was ein Landtag \u00fcberhaupt ist. <strong>Ein Landtag<\/strong> ist das Parlament eines Bundeslandes. So kontrolliert der bayerische Landtag die Arbeit der bayerischen Landesregierung und beschlie\u00dft Gesetze, die in Bayern gelten. Es gibt sogenannte Abgeordnete von jeder Partei. Je mehr Stimmen eine Partei bei Landtagswahlen erh\u00e4lt, desto mehr Abgeordnete stellt diese Partei im Landtag auch zur Verf\u00fcgung. In unserem Planspiel gab es dieses Jahr diese Parteien: Freie, \u00d6kologen, Soziale, Konservative.<\/p>\n<p><span style=\"text-decoration: underline; font-size: 18pt;\">Ablauf<\/span><\/p>\n<p>Am Morgen des 24. Februars machten wir uns auf den Weg nach M\u00fcnchen, wo sich der bayerische Landtag befindet. Als wir aus dem Bus ausstiegen, fiel uns direkt das pr\u00e4chtige und riesige Bundestagsgeb\u00e4ude ins Auge.<\/p>\n<p><img decoding=\"async\" class=\" wp-image-17717\" src=\"http:\/\/zeitung.480grad-lwrs.de\/wp-content\/uploads\/2025\/05\/5-r_web-300x169.jpg\" alt=\"\" width=\"270\" height=\"152\" srcset=\"http:\/\/zeitung.480grad-lwrs.de\/wp-content\/uploads\/2025\/05\/5-r_web-300x169.jpg 300w, http:\/\/zeitung.480grad-lwrs.de\/wp-content\/uploads\/2025\/05\/5-r_web-768x432.jpg 768w, http:\/\/zeitung.480grad-lwrs.de\/wp-content\/uploads\/2025\/05\/5-r_web.jpg 1024w\" sizes=\"(max-width: 270px) 100vw, 270px\" \/><span style=\"font-size: 10pt;\">Quelle:\u00a0<a href=\"https:\/\/www.bayern.landtag.de\/maximilianeum\/sitz-des-bayerischen-landtags\/\">https:\/\/www.bayern.landtag.de\/maximilianeum\/sitz-des-bayerischen-landtags\/<\/a><\/span><\/p>\n<p>Nach der Sicherheitskontrolle, die \u00e4hnlich wie beim Flughafen ablief, mussten wir unsere Rucks\u00e4cke einschlie\u00dfen und wir erhielten einen ersten kleinen Rundgang durch das gewaltige Geb\u00e4ude. Im sogenannten Steinernen Saal erhielten wir unsere erste Mahlzeit und erlaubten uns, schon einen kleinen Blick in den gro\u00dfen Plenarsaal zu nehmen.<\/p>\n<p><img decoding=\"async\" class=\"wp-image-17722 alignleft\" src=\"http:\/\/zeitung.480grad-lwrs.de\/wp-content\/uploads\/2025\/05\/byl_2025_02_24_0081-300x200.jpg\" alt=\"\" width=\"269\" height=\"179\" srcset=\"http:\/\/zeitung.480grad-lwrs.de\/wp-content\/uploads\/2025\/05\/byl_2025_02_24_0081-300x200.jpg 300w, http:\/\/zeitung.480grad-lwrs.de\/wp-content\/uploads\/2025\/05\/byl_2025_02_24_0081-1024x683.jpg 1024w, http:\/\/zeitung.480grad-lwrs.de\/wp-content\/uploads\/2025\/05\/byl_2025_02_24_0081-768x512.jpg 768w, http:\/\/zeitung.480grad-lwrs.de\/wp-content\/uploads\/2025\/05\/byl_2025_02_24_0081-1536x1024.jpg 1536w, http:\/\/zeitung.480grad-lwrs.de\/wp-content\/uploads\/2025\/05\/byl_2025_02_24_0081-2048x1365.jpg 2048w\" sizes=\"(max-width: 269px) 100vw, 269px\" \/><\/p>\n<p><img decoding=\"async\" class=\" wp-image-17718\" src=\"http:\/\/zeitung.480grad-lwrs.de\/wp-content\/uploads\/2025\/05\/byl_2025_02_24_009-300x200.jpg\" alt=\"\" width=\"269\" height=\"179\" srcset=\"http:\/\/zeitung.480grad-lwrs.de\/wp-content\/uploads\/2025\/05\/byl_2025_02_24_009-300x200.jpg 300w, http:\/\/zeitung.480grad-lwrs.de\/wp-content\/uploads\/2025\/05\/byl_2025_02_24_009-1024x683.jpg 1024w, http:\/\/zeitung.480grad-lwrs.de\/wp-content\/uploads\/2025\/05\/byl_2025_02_24_009-768x512.jpg 768w, http:\/\/zeitung.480grad-lwrs.de\/wp-content\/uploads\/2025\/05\/byl_2025_02_24_009-1536x1024.jpg 1536w, http:\/\/zeitung.480grad-lwrs.de\/wp-content\/uploads\/2025\/05\/byl_2025_02_24_009-2048x1365.jpg 2048w\" sizes=\"(max-width: 269px) 100vw, 269px\" \/><\/p>\n<p style=\"text-align: justify;\">Nach der herzlichen Ankunft betraten wir den gro\u00dfen Saal mit 203 Sitzen f\u00fcr Angeordnete, die Presse, die Landtagspr\u00e4sidentin (Ilse Aigner) und vielen weiteren wichtigen Mitgliedern. Wir durften uns einen Platz im Plenarsaal aussuchen und bekamen vom 1. Vizepr\u00e4sidenten Tobias Rei\u00df einen ersten Einblick, was uns am heutigen Tag erwarten wird und was unsere Aufgaben als jeweilige Partei sein werden. Wir von der Sch\u00fclerzeitung hatten eine ganz besondere Aufgabe: Wir wurden nicht einer der vier Parteien zugeteilt, sondern durften als neutrales Mitglied des Landtags die <span style=\"font-size: 14pt; background-color: #00ccff;\">Presse<\/span> vertreten. Wir wurden mit ein paar Sch\u00fclern der drei anderen Schulen, die an diesem Tag auch vertreten waren, in einen separaten Raum gef\u00fchrt. Mit unserer Begleitung, der Studentin und unserer &#8222;Vorgesetzten&#8220; Susanne, besprachen wir erst die grundlegenden Regeln des Schreibens von Artikeln und dann unser heutiges Vorhaben.<\/p>\n<p><img loading=\"lazy\" decoding=\"async\" class=\" wp-image-17725 alignleft\" src=\"http:\/\/zeitung.480grad-lwrs.de\/wp-content\/uploads\/2025\/05\/byl_2025_02_24_045-300x200.jpg\" alt=\"\" width=\"284\" height=\"189\" srcset=\"http:\/\/zeitung.480grad-lwrs.de\/wp-content\/uploads\/2025\/05\/byl_2025_02_24_045-300x200.jpg 300w, http:\/\/zeitung.480grad-lwrs.de\/wp-content\/uploads\/2025\/05\/byl_2025_02_24_045-1024x683.jpg 1024w, http:\/\/zeitung.480grad-lwrs.de\/wp-content\/uploads\/2025\/05\/byl_2025_02_24_045-768x512.jpg 768w, http:\/\/zeitung.480grad-lwrs.de\/wp-content\/uploads\/2025\/05\/byl_2025_02_24_045-1536x1024.jpg 1536w, http:\/\/zeitung.480grad-lwrs.de\/wp-content\/uploads\/2025\/05\/byl_2025_02_24_045-2048x1365.jpg 2048w\" sizes=\"(max-width: 284px) 100vw, 284px\" \/><\/p>\n<p><img loading=\"lazy\" decoding=\"async\" class=\" wp-image-17726 alignleft\" src=\"http:\/\/zeitung.480grad-lwrs.de\/wp-content\/uploads\/2025\/05\/byl_2025_02_24_018-300x200.jpg\" alt=\"\" width=\"278\" height=\"185\" srcset=\"http:\/\/zeitung.480grad-lwrs.de\/wp-content\/uploads\/2025\/05\/byl_2025_02_24_018-300x200.jpg 300w, http:\/\/zeitung.480grad-lwrs.de\/wp-content\/uploads\/2025\/05\/byl_2025_02_24_018-1024x683.jpg 1024w, http:\/\/zeitung.480grad-lwrs.de\/wp-content\/uploads\/2025\/05\/byl_2025_02_24_018-768x512.jpg 768w, http:\/\/zeitung.480grad-lwrs.de\/wp-content\/uploads\/2025\/05\/byl_2025_02_24_018-1536x1024.jpg 1536w, http:\/\/zeitung.480grad-lwrs.de\/wp-content\/uploads\/2025\/05\/byl_2025_02_24_018-2048x1365.jpg 2048w\" sizes=\"(max-width: 278px) 100vw, 278px\" \/><\/p>\n<p><img loading=\"lazy\" decoding=\"async\" class=\" wp-image-17728\" src=\"http:\/\/zeitung.480grad-lwrs.de\/wp-content\/uploads\/2025\/05\/byl_2025_02_24_031-300x200.jpg\" alt=\"\" width=\"272\" height=\"181\" srcset=\"http:\/\/zeitung.480grad-lwrs.de\/wp-content\/uploads\/2025\/05\/byl_2025_02_24_031-300x200.jpg 300w, http:\/\/zeitung.480grad-lwrs.de\/wp-content\/uploads\/2025\/05\/byl_2025_02_24_031-1024x683.jpg 1024w, http:\/\/zeitung.480grad-lwrs.de\/wp-content\/uploads\/2025\/05\/byl_2025_02_24_031-768x512.jpg 768w, http:\/\/zeitung.480grad-lwrs.de\/wp-content\/uploads\/2025\/05\/byl_2025_02_24_031-1536x1024.jpg 1536w, http:\/\/zeitung.480grad-lwrs.de\/wp-content\/uploads\/2025\/05\/byl_2025_02_24_031-2048x1365.jpg 2048w\" sizes=\"(max-width: 272px) 100vw, 272px\" \/><\/p>\n<p>&nbsp;<\/p>\n<p style=\"text-align: justify;\">Im Presseraum durften wir, sowie auch die anderen Sch\u00fcler, uns fiktive Namen \u00fcberlegen. Also machten wir uns als Dr. Markus van Oberst und Luna Retete auf den Weg in die vorher ausgesuchten Fraktionssitzungen (=Sitzungen innerhalb der Partei).\u00a0 In einer dieser Sitzungen diskutierten die fiktiven Abgeordneten (die Sch\u00fcler) den Gesetzesentwurf zur gesunden Ern\u00e4hrung an bayerischen Schulen, Kinderg\u00e4rten und Kindertagesst\u00e4tten. Sie bekamen vier Artikel f\u00fcr m\u00f6gliche neue Gesetzte, die sie entweder verabschieden, bewilligen oder auf ihren Wunsch \u00e4ndern sollten. Wir, die Presse, fertigten danach \u00fcber diese Sitzungen je einen kleinen Zeitungsartikel an, der an einer Pinnwand im Steinernen Saal ausgeh\u00e4ngt wurde. Nach der kleinen Mittagspause ging es direkt mit den Aussch\u00fcssen weiter. Diese bestehen aus Abgeordneten von jeder Fraktion. Der Ausschuss stimmt mit einer\/einem Vorsitzenden \u00fcber die Verabschiedung, Einwilligung oder \u00c4nderung der Gesetze ab, wie diese in Zukunft stattfinden sollen. Im sogenannten federf\u00fchrenden Ausschuss werden auch mithilfe der Entscheidungen der drei weiteren sogenannten mitberatenden Aussch\u00fcsse die Ergebnisse der einzelnen Artikel festgelegt.<\/p>\n<p><img loading=\"lazy\" decoding=\"async\" class=\"size-medium wp-image-17750 alignleft\" src=\"http:\/\/zeitung.480grad-lwrs.de\/wp-content\/uploads\/2025\/05\/byl_2025_02_24_061-300x200.jpg\" alt=\"\" width=\"300\" height=\"200\" srcset=\"http:\/\/zeitung.480grad-lwrs.de\/wp-content\/uploads\/2025\/05\/byl_2025_02_24_061-300x200.jpg 300w, http:\/\/zeitung.480grad-lwrs.de\/wp-content\/uploads\/2025\/05\/byl_2025_02_24_061-1024x683.jpg 1024w, http:\/\/zeitung.480grad-lwrs.de\/wp-content\/uploads\/2025\/05\/byl_2025_02_24_061-768x512.jpg 768w, http:\/\/zeitung.480grad-lwrs.de\/wp-content\/uploads\/2025\/05\/byl_2025_02_24_061-1536x1024.jpg 1536w, http:\/\/zeitung.480grad-lwrs.de\/wp-content\/uploads\/2025\/05\/byl_2025_02_24_061-2048x1365.jpg 2048w\" sizes=\"(max-width: 300px) 100vw, 300px\" \/><\/p>\n<p><img loading=\"lazy\" decoding=\"async\" class=\"size-medium wp-image-17751 alignleft\" src=\"http:\/\/zeitung.480grad-lwrs.de\/wp-content\/uploads\/2025\/05\/byl_2025_02_24_056-300x200.jpg\" alt=\"\" width=\"300\" height=\"200\" srcset=\"http:\/\/zeitung.480grad-lwrs.de\/wp-content\/uploads\/2025\/05\/byl_2025_02_24_056-300x200.jpg 300w, http:\/\/zeitung.480grad-lwrs.de\/wp-content\/uploads\/2025\/05\/byl_2025_02_24_056-1024x683.jpg 1024w, http:\/\/zeitung.480grad-lwrs.de\/wp-content\/uploads\/2025\/05\/byl_2025_02_24_056-768x512.jpg 768w, http:\/\/zeitung.480grad-lwrs.de\/wp-content\/uploads\/2025\/05\/byl_2025_02_24_056-1536x1024.jpg 1536w, http:\/\/zeitung.480grad-lwrs.de\/wp-content\/uploads\/2025\/05\/byl_2025_02_24_056-2048x1365.jpg 2048w\" sizes=\"(max-width: 300px) 100vw, 300px\" \/><\/p>\n<p>&nbsp;<\/p>\n<p>&nbsp;<\/p>\n<p>&nbsp;<\/p>\n<p>&nbsp;<\/p>\n<p>&nbsp;<\/p>\n<p>&nbsp;<\/p>\n<p style=\"text-align: justify;\">Nach einer kleinen Pause am Nachmittag trafen wir uns wieder alle im gro\u00dfen Plenarsaal. Wir w\u00e4hlten eine Landtagspr\u00e4sidentin aus unseren Reihen f\u00fcr diesen Tag. Jede Fraktion durfte ihre Meinung mit einer Rede zum Ausdruck bringen und zum Schluss stimmten wir \u00fcber die final ge\u00e4nderten Artikel ab. Nun h\u00e4tten wir, mit der Mehrheit der Stimmen, im echten Leben ein neues Gesetz f\u00fcr Bayern auf den Weg gebracht. Wir fertigten zwischen der Pause und der gro\u00dfen Sitzung pro Gruppe einen Artikel \u00fcber die Entscheidungen im jeweiligen Ausschuss an, den wir mit unseren Studenten fertig bearbeiteten.<\/p>\n<p><img loading=\"lazy\" decoding=\"async\" class=\"wp-image-17752 alignleft\" src=\"http:\/\/zeitung.480grad-lwrs.de\/wp-content\/uploads\/2025\/05\/byl_2025_02_24_114-300x200.jpg\" alt=\"\" width=\"273\" height=\"182\" srcset=\"http:\/\/zeitung.480grad-lwrs.de\/wp-content\/uploads\/2025\/05\/byl_2025_02_24_114-300x200.jpg 300w, http:\/\/zeitung.480grad-lwrs.de\/wp-content\/uploads\/2025\/05\/byl_2025_02_24_114-1024x683.jpg 1024w, http:\/\/zeitung.480grad-lwrs.de\/wp-content\/uploads\/2025\/05\/byl_2025_02_24_114-768x512.jpg 768w, http:\/\/zeitung.480grad-lwrs.de\/wp-content\/uploads\/2025\/05\/byl_2025_02_24_114-1536x1024.jpg 1536w, http:\/\/zeitung.480grad-lwrs.de\/wp-content\/uploads\/2025\/05\/byl_2025_02_24_114-2048x1365.jpg 2048w\" sizes=\"(max-width: 273px) 100vw, 273px\" \/><\/p>\n<p><img loading=\"lazy\" decoding=\"async\" class=\"wp-image-17748 alignleft\" src=\"http:\/\/zeitung.480grad-lwrs.de\/wp-content\/uploads\/2025\/05\/byl_2025_02_24_096-300x200.jpg\" alt=\"\" width=\"266\" height=\"177\" srcset=\"http:\/\/zeitung.480grad-lwrs.de\/wp-content\/uploads\/2025\/05\/byl_2025_02_24_096-300x200.jpg 300w, http:\/\/zeitung.480grad-lwrs.de\/wp-content\/uploads\/2025\/05\/byl_2025_02_24_096-1024x683.jpg 1024w, http:\/\/zeitung.480grad-lwrs.de\/wp-content\/uploads\/2025\/05\/byl_2025_02_24_096-768x512.jpg 768w, http:\/\/zeitung.480grad-lwrs.de\/wp-content\/uploads\/2025\/05\/byl_2025_02_24_096-1536x1024.jpg 1536w, http:\/\/zeitung.480grad-lwrs.de\/wp-content\/uploads\/2025\/05\/byl_2025_02_24_096-2048x1365.jpg 2048w\" sizes=\"(max-width: 266px) 100vw, 266px\" \/><\/p>\n<p>&nbsp;<\/p>\n<p>&nbsp;<\/p>\n<p>&nbsp;<\/p>\n<p>&nbsp;<\/p>\n<p>&nbsp;<\/p>\n<p>&nbsp;<\/p>\n<p style=\"text-align: justify;\">Als kleine \u00dcberraschung am Ende begr\u00fc\u00dften uns noch f\u00fcnf echte Politiker des Landtags und beantworteten einige Fragen bez\u00fcglich Klima, Verkehrsmittel und viele weitere spannende Themen, die sich unsere Sch\u00fcler im Vorfeld \u00fcberlegt hatten. Die Politiker bekamen je eine Minute Zeit, um diese Frage zu beantworten.<\/p>\n<p>Anwesende Politiker:<\/p>\n<ul>\n<li>Susanne Kurz (B90\/Gr\u00fcne)<\/li>\n<li>Ruth Waldmann (SPD)<\/li>\n<li>Susann Enders (FDP)<\/li>\n<li>Andreas Winhart (AFD)<\/li>\n<li>Bernhard Seidenath (CSU)<\/li>\n<\/ul>\n<p><img loading=\"lazy\" decoding=\"async\" class=\"size-medium wp-image-17747 alignleft\" src=\"http:\/\/zeitung.480grad-lwrs.de\/wp-content\/uploads\/2025\/05\/byl_2025_02_24_116-300x200.jpg\" alt=\"\" width=\"300\" height=\"200\" srcset=\"http:\/\/zeitung.480grad-lwrs.de\/wp-content\/uploads\/2025\/05\/byl_2025_02_24_116-300x200.jpg 300w, http:\/\/zeitung.480grad-lwrs.de\/wp-content\/uploads\/2025\/05\/byl_2025_02_24_116-1024x683.jpg 1024w, http:\/\/zeitung.480grad-lwrs.de\/wp-content\/uploads\/2025\/05\/byl_2025_02_24_116-768x512.jpg 768w, http:\/\/zeitung.480grad-lwrs.de\/wp-content\/uploads\/2025\/05\/byl_2025_02_24_116-1536x1024.jpg 1536w, http:\/\/zeitung.480grad-lwrs.de\/wp-content\/uploads\/2025\/05\/byl_2025_02_24_116-2048x1365.jpg 2048w\" sizes=\"(max-width: 300px) 100vw, 300px\" \/><\/p>\n<p>&nbsp;<\/p>\n<p>&nbsp;<\/p>\n<p>&nbsp;<\/p>\n<p>&nbsp;<\/p>\n<p>&nbsp;<\/p>\n<p>&nbsp;<\/p>\n<p>Gegen Abend machten wir uns mit einem kleinen Abschiendsgeschenk im Gep\u00e4ck wieder auf den Weg nachhause.<\/p>\n<p style=\"text-align: justify;\">Der Tag im Landtag hat uns sehr geholfen, einen besseren \u00dcberblick \u00fcber das Geschehen in unserem Land zu erlangen. Au\u00dferdem war es eine sehr coole Erfahrung, einmal selbst Politiker zu sein und einen Tag dort mitzuerleben. Wir haben viel \u00fcber Presse, den Landtag, den Tagesablauf und die Entscheidungen gelernt und alles in allem war es ein wundersch\u00f6ner, aber auch anstrengender Tag, der viel zu schnell zu Ende ging.<\/p>\n<figure id=\"attachment_17746\" aria-describedby=\"caption-attachment-17746\" style=\"width: 300px\" class=\"wp-caption alignleft\"><img loading=\"lazy\" decoding=\"async\" class=\"size-medium wp-image-17746\" src=\"http:\/\/zeitung.480grad-lwrs.de\/wp-content\/uploads\/2025\/05\/byl_2025_02_24_129-300x200.jpg\" alt=\"\" width=\"300\" height=\"200\" srcset=\"http:\/\/zeitung.480grad-lwrs.de\/wp-content\/uploads\/2025\/05\/byl_2025_02_24_129-300x200.jpg 300w, http:\/\/zeitung.480grad-lwrs.de\/wp-content\/uploads\/2025\/05\/byl_2025_02_24_129-1024x683.jpg 1024w, http:\/\/zeitung.480grad-lwrs.de\/wp-content\/uploads\/2025\/05\/byl_2025_02_24_129-768x512.jpg 768w, http:\/\/zeitung.480grad-lwrs.de\/wp-content\/uploads\/2025\/05\/byl_2025_02_24_129-1536x1024.jpg 1536w, http:\/\/zeitung.480grad-lwrs.de\/wp-content\/uploads\/2025\/05\/byl_2025_02_24_129-2048x1365.jpg 2048w\" sizes=\"(max-width: 300px) 100vw, 300px\" \/><figcaption id=\"caption-attachment-17746\" class=\"wp-caption-text\"><br \/>Fotos: Stefan Obermeier\/ Bildarchiv bayerischer Landtag<\/figcaption><\/figure>\n<p>&nbsp;<\/p>\n<p>&nbsp;<\/p>\n<p>&nbsp;<\/p>\n<p>&nbsp;<\/p>\n<p>&nbsp;<\/p>\n","protected":false},"excerpt":{"rendered":"<p>Das Planspiel &#8222;Der Landtag sind wir&#8220; geht in die n\u00e4chste Runde! Aber diesmal nicht an unserer Schule: Also machten wir uns am 24.02.2025 auf den Weg in den bayerischen Landtag! Wenn euch interessiert, was wir dieses Jahr noch viel Spannenderes und Aufschlussreicheres erlebt haben, klickt gerne auf Weiterlesen!<\/p>\n","protected":false},"author":109,"featured_media":17714,"comment_status":"closed","ping_status":"open","sticky":false,"template":"","format":"standard","meta":{"footnotes":""},"categories":[10,104,3],"tags":[],"class_list":["post-17632","post","type-post","status-publish","format-standard","has-post-thumbnail","hentry","category-leben","category-politik-und-wirtschaft","category-start"],"_links":{"self":[{"href":"http:\/\/zeitung.480grad-lwrs.de\/index.php?rest_route=\/wp\/v2\/posts\/17632","targetHints":{"allow":["GET"]}}],"collection":[{"href":"http:\/\/zeitung.480grad-lwrs.de\/index.php?rest_route=\/wp\/v2\/posts"}],"about":[{"href":"http:\/\/zeitung.480grad-lwrs.de\/index.php?rest_route=\/wp\/v2\/types\/post"}],"author":[{"embeddable":true,"href":"http:\/\/zeitung.480grad-lwrs.de\/index.php?rest_route=\/wp\/v2\/users\/109"}],"replies":[{"embeddable":true,"href":"http:\/\/zeitung.480grad-lwrs.de\/index.php?rest_route=%2Fwp%2Fv2%2Fcomments&post=17632"}],"version-history":[{"count":22,"href":"http:\/\/zeitung.480grad-lwrs.de\/index.php?rest_route=\/wp\/v2\/posts\/17632\/revisions"}],"predecessor-version":[{"id":17763,"href":"http:\/\/zeitung.480grad-lwrs.de\/index.php?rest_route=\/wp\/v2\/posts\/17632\/revisions\/17763"}],"wp:featuredmedia":[{"embeddable":true,"href":"http:\/\/zeitung.480grad-lwrs.de\/index.php?rest_route=\/wp\/v2\/media\/17714"}],"wp:attachment":[{"href":"http:\/\/zeitung.480grad-lwrs.de\/index.php?rest_route=%2Fwp%2Fv2%2Fmedia&parent=17632"}],"wp:term":[{"taxonomy":"category","embeddable":true,"href":"http:\/\/zeitung.480grad-lwrs.de\/index.php?rest_route=%2Fwp%2Fv2%2Fcategories&post=17632"},{"taxonomy":"post_tag","embeddable":true,"href":"http:\/\/zeitung.480grad-lwrs.de\/index.php?rest_route=%2Fwp%2Fv2%2Ftags&post=17632"}],"curies":[{"name":"wp","href":"https:\/\/api.w.org\/{rel}","templated":true}]}}