{"id":16146,"date":"2023-11-10T22:49:54","date_gmt":"2023-11-10T21:49:54","guid":{"rendered":"http:\/\/zeitung.480grad-lwrs.de\/?p=16146"},"modified":"2024-03-14T16:15:53","modified_gmt":"2024-03-14T15:15:53","slug":"die-redaktion-23-24-stellt-sich-vor-lesbar-und-hoerbar","status":"publish","type":"post","link":"http:\/\/zeitung.480grad-lwrs.de\/?p=16146","title":{"rendered":"Die Redaktion 23\/24 stellt sich vor! Lesbar und h\u00f6rbar"},"content":{"rendered":"<p>Hallo Leute! WIR sind die Redaktion im Schuljahr 23\/24! Lest und h\u00f6rt mal rein!<!--more--><\/p>\n<p><img fetchpriority=\"high\" decoding=\"async\" class=\"aligncenter wp-image-16211 size-large\" src=\"http:\/\/zeitung.480grad-lwrs.de\/wp-content\/uploads\/2023\/10\/Redaktion-2023_24-1024x768.jpg\" alt=\"\" width=\"1024\" height=\"768\" srcset=\"http:\/\/zeitung.480grad-lwrs.de\/wp-content\/uploads\/2023\/10\/Redaktion-2023_24-1024x768.jpg 1024w, http:\/\/zeitung.480grad-lwrs.de\/wp-content\/uploads\/2023\/10\/Redaktion-2023_24-300x225.jpg 300w, http:\/\/zeitung.480grad-lwrs.de\/wp-content\/uploads\/2023\/10\/Redaktion-2023_24-768x576.jpg 768w, http:\/\/zeitung.480grad-lwrs.de\/wp-content\/uploads\/2023\/10\/Redaktion-2023_24-1536x1152.jpg 1536w, http:\/\/zeitung.480grad-lwrs.de\/wp-content\/uploads\/2023\/10\/Redaktion-2023_24-2048x1536.jpg 2048w\" sizes=\"(max-width: 1024px) 100vw, 1024px\" \/>Frau Bundschuh stellt sich vor&#8230;<\/p>\n<audio class=\"wp-audio-shortcode\" id=\"audio-16146-1\" preload=\"none\" style=\"width: 100%;\" controls=\"controls\"><source type=\"audio\/mpeg\" src=\"http:\/\/zeitung.480grad-lwrs.de\/wp-content\/uploads\/2023\/10\/2023_10_03_15_51_29_490.mp3?_=1\" \/><a href=\"http:\/\/zeitung.480grad-lwrs.de\/wp-content\/uploads\/2023\/10\/2023_10_03_15_51_29_490.mp3\">http:\/\/zeitung.480grad-lwrs.de\/wp-content\/uploads\/2023\/10\/2023_10_03_15_51_29_490.mp3<\/a><\/audio>\n<p><span style=\"font-family: tahoma, arial, helvetica, sans-serif;\"><strong><span style=\"color: #993300;\">Hey hooo!! Mein Name ist Milja (werde auch gern Melody genannt) und ich gehe in die Klasse 8G. Ich bin 13 Jahre alt und komme aus Gro\u00dfaitingen *wurde aber in Hamburg geboren ;)* Meine Freizeit besteht meistens aus backen, Instagram durchst\u00f6bern oder einfach Musik h\u00f6ren. Ich interessiere mich sehr f\u00fcr Astronomie und Kosmologie.<\/span><\/strong><\/span><\/p>\n<h3>Karolin stellt sich vor&#8230;<\/h3>\n<audio class=\"wp-audio-shortcode\" id=\"audio-16146-2\" preload=\"none\" style=\"width: 100%;\" controls=\"controls\"><source type=\"audio\/mpeg\" src=\"http:\/\/zeitung.480grad-lwrs.de\/wp-content\/uploads\/2023\/11\/Audio-Karolin.mp3?_=2\" \/><a href=\"http:\/\/zeitung.480grad-lwrs.de\/wp-content\/uploads\/2023\/11\/Audio-Karolin.mp3\">http:\/\/zeitung.480grad-lwrs.de\/wp-content\/uploads\/2023\/11\/Audio-Karolin.mp3<\/a><\/audio>\n<p><span style=\"font-family: comic sans ms, sans-serif; color: #ff00ff;\">Hallo ich hei\u00dfe Lara, ich bin 11 Jahre alt und bin in der Klasse 6e! In meiner Freizeit spiele ich Fu\u00dfball, Badminton und h\u00e4nge mit meinen Freunden ab! Ich liebe Tiere! Meine Lieblingstiere sind Hunde, zuhause habe ich selbst einen Hund. Ich w\u00fcrde mich als lustig, hilfsbereit und sportlich beschreiben!<\/span><\/p>\n<p><span style=\"font-family: arial black, sans-serif; color: #ff9900;\">Mein Name ist Juni, <\/span><span style=\"font-family: arial black, sans-serif; color: #ff9900;\">ich komme aus Lagerlechfeld und in meiner Freizeit gehe ich gerne mit meinen Freunden raus. <\/span><span style=\"font-family: arial black, sans-serif; color: #ff9900;\">Ich mache bei der Sch\u00fclerzeitung mit, da ich interessiert am Artikel schreiben bin.<\/span><\/p>\n<p><strong>Zeynep stellt sich vor&#8230;<\/strong><\/p>\n<audio class=\"wp-audio-shortcode\" id=\"audio-16146-3\" preload=\"none\" style=\"width: 100%;\" controls=\"controls\"><source type=\"audio\/wav\" src=\"http:\/\/zeitung.480grad-lwrs.de\/wp-content\/uploads\/2023\/10\/ZeynepVorstellung.wav?_=3\" \/><a href=\"http:\/\/zeitung.480grad-lwrs.de\/wp-content\/uploads\/2023\/10\/ZeynepVorstellung.wav\">http:\/\/zeitung.480grad-lwrs.de\/wp-content\/uploads\/2023\/10\/ZeynepVorstellung.wav<\/a><\/audio>\n<p>&nbsp;<\/p>\n<p style=\"text-align: left;\"><span style=\"color: #339966;\">Hallo! <\/span><span style=\"color: #339966;\">Ich bin neu in der Sch\u00fclerzeitung und wollte mich einfach mal vorstellen. <\/span><span style=\"color: #339966;\">Mein Name ist Sarah und ich gehe in die sechste Klasse. Mir und Meine Freundin hat die AG Sch\u00fclerzeitung sehr gut gefallen, weswegen wir dies dieses Jahr einfach mal ausprobieren wollten. Meine Hobbys sind Zeichnen, Theater spielen und Schie\u00dfen, nat\u00fcrlich auf eine Scheibe , nicht auf Menschen. <\/span><span style=\"color: #339966;\">Ich freue mich schon auf das Jahr mit euch!<\/span><\/p>\n<p><strong><span style=\"color: #3366ff;\">Hey! Mein Name ist Vicky. Ich bin neu in der Sch\u00fclerzeitung-AG und m\u00f6chte mich Euch gerne vorstellen. Ich bin 11 Jahre alt und gehe in die beste Klasse der Welt, die 6e. In meiner Freizeit spiele ich gerne Tennis und h\u00e4nge am liebsten mit meinen Freunden ab. Ich w\u00fcrde mich als lustig, chaotisch, tierlieb und hilfsbereit beschreiben. Ich habe noch einen kleinen Bruder, der dieses Jahr in die Grundschule gekommen ist. Mein Motto: Gib deine Tr\u00e4ume nie auf, schlaf weiter \ud83d\ude42<\/span><\/strong><\/p>\n<p><strong>Tobi stellt sich vor&#8230;<\/strong><\/p>\n<audio class=\"wp-audio-shortcode\" id=\"audio-16146-4\" preload=\"none\" style=\"width: 100%;\" controls=\"controls\"><source type=\"audio\/wav\" src=\"http:\/\/zeitung.480grad-lwrs.de\/wp-content\/uploads\/2023\/10\/TobiVorstellung.wav?_=4\" \/><a href=\"http:\/\/zeitung.480grad-lwrs.de\/wp-content\/uploads\/2023\/10\/TobiVorstellung.wav\">http:\/\/zeitung.480grad-lwrs.de\/wp-content\/uploads\/2023\/10\/TobiVorstellung.wav<\/a><\/audio>\n<p><span style=\"font-family: terminal, monaco, monospace; color: #993300; font-size: 14pt;\"><strong>Hall\u00f6chen! Ich bin die Emilia und gehe in die 8G, ich h\u00f6re sehr oft Musik und spiele <em>manchmal<\/em> auch e-Gitarre in meiner Freizeit, au\u00dferdem LIEBE ich Katzen.<\/strong><\/span><\/p>\n<p><span style=\"font-family: arial black, sans-serif; color: #ff6600;\">Hi! Als neues Mitglied der Sch\u00fclerzeitung m\u00f6chte ich mich kurz vorstellen. Mein Name ist Luisa, ich geh in die sechste Klasse und bin 11 Jahre alt. Meine Hobbys sind Theater spielen in Mittelneufnach und Tennis spielen in Marktwald. Ich freue mich auf das kommende Jahr mit euch.<\/span><\/p>\n<p><strong>Simon stellt sich vor&#8230;<\/strong><\/p>\n<audio class=\"wp-audio-shortcode\" id=\"audio-16146-5\" preload=\"none\" style=\"width: 100%;\" controls=\"controls\"><source type=\"audio\/wav\" src=\"http:\/\/zeitung.480grad-lwrs.de\/wp-content\/uploads\/2023\/10\/SimonVorstellung.wav?_=5\" \/><a href=\"http:\/\/zeitung.480grad-lwrs.de\/wp-content\/uploads\/2023\/10\/SimonVorstellung.wav\">http:\/\/zeitung.480grad-lwrs.de\/wp-content\/uploads\/2023\/10\/SimonVorstellung.wav<\/a><\/audio>\n","protected":false},"excerpt":{"rendered":"<p>Hallo Leute! WIR sind die Redaktion im Schuljahr 23\/24! Lest und h\u00f6rt mal rein!<\/p>\n","protected":false},"author":21,"featured_media":16211,"comment_status":"open","ping_status":"open","sticky":false,"template":"","format":"standard","meta":{"footnotes":""},"categories":[5,3,4],"tags":[],"class_list":["post-16146","post","type-post","status-publish","format-standard","has-post-thumbnail","hentry","category-die-redaktion","category-start","category-ueber-uns"],"_links":{"self":[{"href":"http:\/\/zeitung.480grad-lwrs.de\/index.php?rest_route=\/wp\/v2\/posts\/16146","targetHints":{"allow":["GET"]}}],"collection":[{"href":"http:\/\/zeitung.480grad-lwrs.de\/index.php?rest_route=\/wp\/v2\/posts"}],"about":[{"href":"http:\/\/zeitung.480grad-lwrs.de\/index.php?rest_route=\/wp\/v2\/types\/post"}],"author":[{"embeddable":true,"href":"http:\/\/zeitung.480grad-lwrs.de\/index.php?rest_route=\/wp\/v2\/users\/21"}],"replies":[{"embeddable":true,"href":"http:\/\/zeitung.480grad-lwrs.de\/index.php?rest_route=%2Fwp%2Fv2%2Fcomments&post=16146"}],"version-history":[{"count":0,"href":"http:\/\/zeitung.480grad-lwrs.de\/index.php?rest_route=\/wp\/v2\/posts\/16146\/revisions"}],"wp:featuredmedia":[{"embeddable":true,"href":"http:\/\/zeitung.480grad-lwrs.de\/index.php?rest_route=\/wp\/v2\/media\/16211"}],"wp:attachment":[{"href":"http:\/\/zeitung.480grad-lwrs.de\/index.php?rest_route=%2Fwp%2Fv2%2Fmedia&parent=16146"}],"wp:term":[{"taxonomy":"category","embeddable":true,"href":"http:\/\/zeitung.480grad-lwrs.de\/index.php?rest_route=%2Fwp%2Fv2%2Fcategories&post=16146"},{"taxonomy":"post_tag","embeddable":true,"href":"http:\/\/zeitung.480grad-lwrs.de\/index.php?rest_route=%2Fwp%2Fv2%2Ftags&post=16146"}],"curies":[{"name":"wp","href":"https:\/\/api.w.org\/{rel}","templated":true}]}}