{"id":14419,"date":"2022-01-24T14:54:20","date_gmt":"2022-01-24T13:54:20","guid":{"rendered":"http:\/\/zeitung.480grad-lwrs.de\/?p=14419"},"modified":"2022-01-24T14:54:20","modified_gmt":"2022-01-24T13:54:20","slug":"corona-ich-habe-lehrer-und-schueler-gefragt-was-haltet-ihr-davon","status":"publish","type":"post","link":"http:\/\/zeitung.480grad-lwrs.de\/?p=14419","title":{"rendered":"Corona &#8211; Ich habe Lehrer und Sch\u00fcler gefragt: WAS HALTET IHR DAVON?"},"content":{"rendered":"<p>Corona ist schon allt\u00e4glich. Leider. Jetzt will ich aber mal wissen, was ihr \u00fcberhaupt davon haltet\u2026.<!--more--><\/p>\n<p>Mit den folgenden Fragen habe ich Sch\u00fcler und Lehrer der LWRS befragt: <strong>&#8222;<span style=\"color: #ff6600;\">Wie geht es dir mit Corona?<\/span>&#8222;<\/strong> und<strong> &#8222;<span style=\"color: #ff6600;\">Wenn du Politiker w\u00e4rst, was w\u00fcrdest du ver\u00e4ndern?<\/span>&#8222;<\/strong><\/p>\n<p>&nbsp;<\/p>\n<p><em>Tobias 5C<\/em>: &#8211; ganz gut<\/p>\n<p>-keine Masken an der Schule<\/p>\n<p>&nbsp;<\/p>\n<p><em>Freddy 6F<\/em>: &#8211; toll aber dir Maske nervt<\/p>\n<p>&#8211; 1 Jahr Quarant\u00e4ne f\u00fcr alle = damit das Virus ausstirbt<\/p>\n<p>&nbsp;<\/p>\n<p><em>Johannes 9A<\/em>: &#8211; gut aber Schule ist nicht so einfach<\/p>\n<p>&#8211; die Regeln verbessern<\/p>\n<p>&nbsp;<\/p>\n<p><em>Magdalena 6F<\/em>: &#8211; geht so<\/p>\n<p>&#8211; Impfpflicht = dass die Lage sich entspannt und es weniger Corona-F\u00e4lle gibt<\/p>\n<p>&nbsp;<\/p>\n<p><em>7D<\/em> : &#8211; ganz gut<\/p>\n<p>&#8211; so lassen<\/p>\n<p>&nbsp;<\/p>\n<p><em>Chiara 8A<\/em>: &#8211; gut<\/p>\n<p>&#8211; Kinderg\u00e4rten offen lassen = Corona Regeln \u00e4ndern<\/p>\n<p>&nbsp;<\/p>\n<p><em>Jakob 6F<\/em>: &#8211; geht so<\/p>\n<p>&#8211; erstmal so lassen<\/p>\n<p>&nbsp;<\/p>\n<p><em>Emily 10C<\/em>: &#8211; ganz ok<\/p>\n<p>&#8211; so lassen<\/p>\n<p>&nbsp;<\/p>\n<p><strong>Und was halten die Lehrer davon?<\/strong><\/p>\n<p>&nbsp;<\/p>\n<p><em>Lehrerin<\/em>: -relativ gut , dauert aber schon sehr lange<\/p>\n<p>&#8211; schneller , angemessener Handeln<\/p>\n<p>&nbsp;<\/p>\n<p><em>Lehrer<\/em>: &#8211; es nervt mittlerweile\u00a0 ein bisschen ,\u00a0 ist aber so<\/p>\n<p>-\/<\/p>\n<p>&nbsp;<\/p>\n<p><em>Lehrerin<\/em>: &#8211; es ist anstrengend aber sonst ganz gut<\/p>\n<p>&#8211; schneller Handeln<\/p>\n<p>&nbsp;<\/p>\n<p>&nbsp;<\/p>\n<p><span style=\"-webkit-tap-highlight-color: rgba(0, 0, 0, 0);\">Quelle Bild: Pixabay<\/span><\/p>\n","protected":false},"excerpt":{"rendered":"<p>Corona ist schon allt\u00e4glich. Leider. Jetzt will ich aber mal wissen, was ihr \u00fcberhaupt davon haltet\u2026.<\/p>\n","protected":false},"author":21,"featured_media":14506,"comment_status":"open","ping_status":"open","sticky":false,"template":"","format":"standard","meta":{"footnotes":""},"categories":[14,12,11,13,3],"tags":[],"class_list":["post-14419","post","type-post","status-publish","format-standard","has-post-thumbnail","hentry","category-klick-ins-klassenzimmer","category-nachgefragt","category-schule","category-schulleben","category-start"],"_links":{"self":[{"href":"http:\/\/zeitung.480grad-lwrs.de\/index.php?rest_route=\/wp\/v2\/posts\/14419","targetHints":{"allow":["GET"]}}],"collection":[{"href":"http:\/\/zeitung.480grad-lwrs.de\/index.php?rest_route=\/wp\/v2\/posts"}],"about":[{"href":"http:\/\/zeitung.480grad-lwrs.de\/index.php?rest_route=\/wp\/v2\/types\/post"}],"author":[{"embeddable":true,"href":"http:\/\/zeitung.480grad-lwrs.de\/index.php?rest_route=\/wp\/v2\/users\/21"}],"replies":[{"embeddable":true,"href":"http:\/\/zeitung.480grad-lwrs.de\/index.php?rest_route=%2Fwp%2Fv2%2Fcomments&post=14419"}],"version-history":[{"count":0,"href":"http:\/\/zeitung.480grad-lwrs.de\/index.php?rest_route=\/wp\/v2\/posts\/14419\/revisions"}],"wp:featuredmedia":[{"embeddable":true,"href":"http:\/\/zeitung.480grad-lwrs.de\/index.php?rest_route=\/wp\/v2\/media\/14506"}],"wp:attachment":[{"href":"http:\/\/zeitung.480grad-lwrs.de\/index.php?rest_route=%2Fwp%2Fv2%2Fmedia&parent=14419"}],"wp:term":[{"taxonomy":"category","embeddable":true,"href":"http:\/\/zeitung.480grad-lwrs.de\/index.php?rest_route=%2Fwp%2Fv2%2Fcategories&post=14419"},{"taxonomy":"post_tag","embeddable":true,"href":"http:\/\/zeitung.480grad-lwrs.de\/index.php?rest_route=%2Fwp%2Fv2%2Ftags&post=14419"}],"curies":[{"name":"wp","href":"https:\/\/api.w.org\/{rel}","templated":true}]}}